{"id":116165,"date":"2024-06-14T13:15:09","date_gmt":"2024-06-14T16:15:09","guid":{"rendered":"https:\/\/www.actualidadadiario.com\/?p=116165"},"modified":"2024-06-14T13:15:09","modified_gmt":"2024-06-14T16:15:09","slug":"ley-bases-martin-menem-aseguro-que-el-oficialismo-insistira-con-ganancias-bienes-personales-y-privatizaciones","status":"publish","type":"post","link":"https:\/\/www.actualidadadiario.com\/index.php\/2024\/06\/14\/ley-bases-martin-menem-aseguro-que-el-oficialismo-insistira-con-ganancias-bienes-personales-y-privatizaciones\/","title":{"rendered":"Ley Bases: Mart\u00edn Menem asegur\u00f3 que el oficialismo insistir\u00e1 con Ganancias, Bienes Personales y privatizaciones"},"content":{"rendered":"<p style=\"text-align: center;\"><em><strong>El titular de la C\u00e1mara de Diputados anticip\u00f3 el debate que tendr\u00e1 lugar en la C\u00e1mara de Diputados durante la \u00faltima semana de junio. Adem\u00e1s, elogi\u00f3 al presidente Javier Milei y a su hermana, Karina Milei<\/strong><\/em><\/p>\n<p>&nbsp;<\/p>\n<p>&nbsp;<\/p>\n<p>El presidente de la C\u00e1mara de Diputados, Mart\u00edn Menem, celebr\u00f3 la aprobaci\u00f3n de la Ley Bases en el Senado, pero revel\u00f3 que el oficialismo buscar\u00e1 insistir con varios puntos del articulado que fueron rechazados: Impuesto a las Ganancias, a los Bienes personales y las privatizaciones.<\/p>\n<p>\u201cComo somos c\u00e1mara de origen podemos aceptar las modificaciones que introdujeron o podemos insistir con el proyecto original\u201d, defini\u00f3 en una entrevista a La Naci\u00f3n + respecto al debate que se retomar\u00e1 a finales de junio en la C\u00e1mara Baja.<\/p>\n<p>Asimismo, aclar\u00f3: \u201cTodo lo que ya est\u00e1 aprobado ya es ley, pero vamos a insistir con la cuarta categor\u00eda y Bienes Personales. Tambi\u00e9n las privatizaciones\u201d.<\/p>\n<p>Seg\u00fan explic\u00f3 el riojano, la intenci\u00f3n de \u201cinsistir\u201d con los cambios\u00a0 responde a la idea de \u201cdejar un Estado que funcione&#8221; y evitar que &#8220;el futuro socialismo se meta en las empresas del Estado y haga un desastre&#8221;.<\/p>\n<p>Por otra parte, se deshizo en elogios hacia el presidente Javier Milei al que calific\u00f3 de \u201cser superdotado\u201d y lo compar\u00f3 con su t\u00edo, el expresidente Carlos Menem. Adem\u00e1s, vaticin\u00f3 un segundo del mandato del libertario. \u201cAspiramos a que el presidente trabaje ocho a\u00f1os. Queremos que el presidente est\u00e9 hasta 2031, dos mandatos como establece la ley\u201d, subray\u00f3.<\/p>\n<p>\u201c(Milei) ve algo que no vieron los otros. Le dijeron que no ten\u00eda ninguna posibilidad, que no iba a llegar a los 10 puntos, sac\u00f3 13. Despu\u00e9s sac\u00f3 17 puntos. Dijeron que eran dos diputados y empezamos a construir una alternativa distinta, despu\u00e9s dijeron que no pod\u00eda ser Presidente, y que no iba a durar ni un mes. La inflaci\u00f3n bajando. Renovamos el swap con China. Aprobamos la ley de Bases con 38 diputados y 7 senadores\u201d, destac\u00f3.<\/p>\n<p>En la misma l\u00ednea, detall\u00f3: \u201cUn sector de la pol\u00edtica se re\u00eda. Nos subestimaron desde el primer momento. La \u201cgente que no ten\u00eda experiencia\u201d est\u00e1 haciendo un trabajo y esfuerzo enorme. Hay algunos sem\u00e1foros que est\u00e1n poniendo de a poco en verde\u201d.<\/p>\n<p>De buena relaci\u00f3n con la secretaria General de la Presidencia, Karina Milei, el titular de la C\u00e1mara Baja la defini\u00f3 como \u201cuna persona muy inteligente\u201d con \u201csentido com\u00fan en el Gobierno\u201d que \u201cest\u00e1 al tanto de todo lo que pasa\u201d. Junto a la menor de los Milei, Menem trabaja en el armado de La Libertad Avanza a nivel nacional para presentarse en las elecciones legislativas sin necesidad de trazar estrategias.<\/p>\n<p>&nbsp;<\/p>\n<p><strong>Incidentes en el Congreso<\/strong><\/p>\n<p>En otro pasaje de la entrevista, el legislador asegur\u00f3 que los episodios violentos en las inmediaciones del Congreso mientras se trataba la Ley Bases configuran la misma foto del 2017, \u00e9poca en la que se trat\u00f3 la reforma previsional bajo la gesti\u00f3n de Mauricio Macri, y responsabiliz\u00f3 al kirchnerismo del vandalismo.<\/p>\n<p>\u201cLa Justicia debe actuar r\u00e1pidamente y tomar las decisiones que tienen que tomar. Creemos en la divisi\u00f3n de poderes, pero estas cosas no pueden pasar m\u00e1s. Es pat\u00e9tico estas im\u00e1genes que recorren el mundo\u201d, puntualiz\u00f3, y concluy\u00f3: \u201cSon grupos financiados por alguien. Es el kirchnerismo que est\u00e1 dando el \u00faltimo pataleo antes de finiquitar una parte de la historia y nos encaminados hacia una parte linda de la historia\u201d.<\/p>\n","protected":false},"excerpt":{"rendered":"<p>El titular de la C\u00e1mara de Diputados anticip\u00f3 el debate que tendr\u00e1 lugar en la C\u00e1mara de Diputados durante la \u00faltima semana de junio. Adem\u00e1s, elogi\u00f3 al presidente Javier Milei y a su hermana, Karina Milei &nbsp; &nbsp; El presidente de la C\u00e1mara de Diputados, Mart\u00edn Menem, celebr\u00f3 la aprobaci\u00f3n de la Ley Bases en el Senado, pero revel\u00f3 que el oficialismo buscar\u00e1 insistir con varios puntos del articulado que fueron rechazados: Impuesto a las Ganancias, a los Bienes personales y las privatizaciones. \u201cComo somos c\u00e1mara de origen podemos aceptar&#8230;<\/p>\n","protected":false},"author":3,"featured_media":116166,"comment_status":"closed","ping_status":"closed","sticky":false,"template":"","format":"standard","meta":[],"categories":[18],"tags":[],"_links":{"self":[{"href":"https:\/\/www.actualidadadiario.com\/index.php\/wp-json\/wp\/v2\/posts\/116165"}],"collection":[{"href":"https:\/\/www.actualidadadiario.com\/index.php\/wp-json\/wp\/v2\/posts"}],"about":[{"href":"https:\/\/www.actualidadadiario.com\/index.php\/wp-json\/wp\/v2\/types\/post"}],"author":[{"embeddable":true,"href":"https:\/\/www.actualidadadiario.com\/index.php\/wp-json\/wp\/v2\/users\/3"}],"replies":[{"embeddable":true,"href":"https:\/\/www.actualidadadiario.com\/index.php\/wp-json\/wp\/v2\/comments?post=116165"}],"version-history":[{"count":1,"href":"https:\/\/www.actualidadadiario.com\/index.php\/wp-json\/wp\/v2\/posts\/116165\/revisions"}],"predecessor-version":[{"id":116167,"href":"https:\/\/www.actualidadadiario.com\/index.php\/wp-json\/wp\/v2\/posts\/116165\/revisions\/116167"}],"wp:featuredmedia":[{"embeddable":true,"href":"https:\/\/www.actualidadadiario.com\/index.php\/wp-json\/wp\/v2\/media\/116166"}],"wp:attachment":[{"href":"https:\/\/www.actualidadadiario.com\/index.php\/wp-json\/wp\/v2\/media?parent=116165"}],"wp:term":[{"taxonomy":"category","embeddable":true,"href":"https:\/\/www.actualidadadiario.com\/index.php\/wp-json\/wp\/v2\/categories?post=116165"},{"taxonomy":"post_tag","embeddable":true,"href":"https:\/\/www.actualidadadiario.com\/index.php\/wp-json\/wp\/v2\/tags?post=116165"}],"curies":[{"name":"wp","href":"https:\/\/api.w.org\/{rel}","templated":true}]}}