{"id":116163,"date":"2024-06-14T13:14:08","date_gmt":"2024-06-14T16:14:08","guid":{"rendered":"https:\/\/www.actualidadadiario.com\/?p=116163"},"modified":"2024-06-14T13:14:08","modified_gmt":"2024-06-14T16:14:08","slug":"macri-busca-relanzar-el-pro-tras-la-ley-bases-y-busca-correrse-de-la-orbita-libertaria","status":"publish","type":"post","link":"https:\/\/www.actualidadadiario.com\/index.php\/2024\/06\/14\/macri-busca-relanzar-el-pro-tras-la-ley-bases-y-busca-correrse-de-la-orbita-libertaria\/","title":{"rendered":"Macri busca relanzar el PRO tras la Ley Bases y busca correrse de la \u00f3rbita libertaria"},"content":{"rendered":"<p style=\"text-align: center;\"><em><strong>El l\u00edder del PRO trabaja en el lanzamiento oficial del partido para impulsar la nueva gesti\u00f3n con impronta propia. El apoyo legislativo a LLA, las diferencias con Patricia Bullrich y las cr\u00edticas, cada vez m\u00e1s p\u00fablicas, al rumbo que encara Javier Milei<\/strong><\/em><\/p>\n<p>&nbsp;<\/p>\n<p>&nbsp;<\/p>\n<p>La direcci\u00f3n que toma el gobierno de Javier Milei no solo preocupa a la oposici\u00f3n, sino tambi\u00e9n a sus aliados m\u00e1s cercanos que le marcan el camino y garantizan gobernabilidad a una fuerza pol\u00edtica que solo tiene 7 senadores, 38 diputados y ning\u00fan gobernador. All\u00ed entra el expresidente Mauricio Macri, quien partiendo de esa base tiene dos l\u00edneas claras de acci\u00f3n: mantener el apoyo legislativo e insistir en que no cogobierna con La Libertad Avanza (LLA). Una vez que termine el tratamiento de la Ley Bases, el l\u00edder del PRO planea el relanzamiento oficial del partido, con el objetivo de recuperar identidad y tambi\u00e9n de marcarle la cancha a Milei.<\/p>\n<p>El diagn\u00f3stico que hacen cerca del exmandatario amarillo es que existe un d\u00e9ficit en la gesti\u00f3n que mantiene paralizados a muchos ministerios, en particular el de Capital Humano, mientras que reci\u00e9n despu\u00e9s de seis meses el Gobierno logr\u00f3 los respaldos para la Ley Bases. En todo ese combo, se encienden las alarmas sobre la aparici\u00f3n de nuevas demandas ante la crisis econ\u00f3mica.<\/p>\n<p>La duda est\u00e1 en cu\u00e1nto tiempo conservar\u00e1 el Gobierno el apoyo pol\u00edtico,social y de parte del c\u00edrculo rojo. Un adelanto del \u00faltimo estudio de Zuban-C\u00f3rdoba exhibe algunos datos que muestran una perspectiva de insatisfacci\u00f3n por parte de la sociedad. El estudio expone que la ministra de Capital Humano, Sandra Pettovello, alcanza casi el 60 % de imagen negativa luego del esc\u00e1ndalo de los alimentos en un pa\u00eds con 55 % de pobreza.<\/p>\n<p>En medio de los rumores sobre su continuidad, el 58,3% estuvo de muy o algo de acuerdo con que \u201cdeber\u00eda renunciar\u201d. Por otro lado, solo un 28% de los encuestados compartieron y acordaron con la frase \u201cPettovello es el mejor ministro de la historia\u201d, mientras un 65% opin\u00f3 en sentido contrario.<\/p>\n<p>Atento al devenir de la gesti\u00f3n, desde el PRO se encargan de aclarar que &#8220;este Gobierno es responsable de las decisiones que toma en cualquier sentido\u201d, es por eso que se desligan de los amarillos que asumieron en funciones, al remarcar que fueron decisiones a t\u00edtulo personal. Hace algunas semanas, previo al tratamiento en el Senado, Macri plante\u00f3 p\u00fablicamente que no forma un cogobierno con Javier Milei, que la alianza es en t\u00e9rminos legislativos, sin la posibilidad de conformar un interbloque, y, lo m\u00e1s novedoso, decidi\u00f3 hacer p\u00fablicas las cr\u00edticas a la gesti\u00f3n.<\/p>\n<p>En su cuenta personal de X, utiliz\u00f3 la defensa de la Ley Bases para describir un escenario adverso e instar al Gobierno a resolverlo r\u00e1pidamente: &#8220;Dada la extrema fragilidad en la que sigue estando nuestra econom\u00eda, creo importante darle al presidente Milei estas herramientas para cumplir con el mandato que le dieron los argentinos de bajar la inflaci\u00f3n y ordenar la econom\u00eda. Y el tiempo que tenemos para hacerlo no es infinito\u201d. Y agreg\u00f3: \u201cNosotros estamos a favor del cambio y de la transformaci\u00f3n, gobierne quien gobierne. Debemos ser generosos para apoyar a quien propone reformas que consideramos urgentes y estructurales, por m\u00e1s que sea de otro partido\u201d.<\/p>\n<p>Desde el mundo Macri consideran que una vez que Diputados apruebe la Ley Bases, y tras los seis meses de gobierno, comienza el verdadero punto inicial para que Milei aplique su modelo. \u201cAhora que tienen las herramientas van a poder llevar adelante el plan que prometieron\u201d, presionan, a la espera de ver resultados de impacto real, sobre todo ligados a la inflaci\u00f3n.<\/p>\n<p>Ante la falta de intercambios que se plasmen en hechos, el principal v\u00ednculo de Macri con el Gobierno es a trav\u00e9s de Milei, con quien mantiene buena relaci\u00f3n. En el caso de la ministra de Seguridad, Patricia Bullrich, la enemistad que provoc\u00f3 su llegada al gobierno libertario se traslada al presente del PRO, con denuncias cruzadas por cargos y peso dentro del espacio. En el medio aparece el jefe de Gobierno porte\u00f1o Jorge Macri, quien sigue el reclamo por los fondos de coparticipaci\u00f3n ante el Gobierno nacional.<\/p>\n<p>Desde el bloque PRO en Diputados adelantaron que el espacio acompa\u00f1ar\u00e1 los cambios que el Gobierno haya aceptado en el Senado, mientras no respaldar\u00e1n aquellos que no fueron aceptados pero introducidos igualmente. Esta tarde hab\u00eda reuniones de bloques e intercambios con representantes del Gobierno para confeccionar la estrategia. La idea es que el debate se d\u00e9 entre la \u00faltima semana de junio y la primera de julio. &#8220;Hasta Ley Bases acompa\u00f1amos responsablemente todo, luego de eso si seguramente marquemos algunas diferencias en determinados temas. Y vamos a impulsar temas propios de nuestra agenda del PRO&#8221;, afirman desde el entorno de los amarillos.<\/p>\n","protected":false},"excerpt":{"rendered":"<p>El l\u00edder del PRO trabaja en el lanzamiento oficial del partido para impulsar la nueva gesti\u00f3n con impronta propia. El apoyo legislativo a LLA, las diferencias con Patricia Bullrich y las cr\u00edticas, cada vez m\u00e1s p\u00fablicas, al rumbo que encara Javier Milei &nbsp; &nbsp; La direcci\u00f3n que toma el gobierno de Javier Milei no solo preocupa a la oposici\u00f3n, sino tambi\u00e9n a sus aliados m\u00e1s cercanos que le marcan el camino y garantizan gobernabilidad a una fuerza pol\u00edtica que solo tiene 7 senadores, 38 diputados y ning\u00fan gobernador. All\u00ed entra&#8230;<\/p>\n","protected":false},"author":3,"featured_media":108295,"comment_status":"closed","ping_status":"closed","sticky":false,"template":"","format":"standard","meta":[],"categories":[18],"tags":[],"_links":{"self":[{"href":"https:\/\/www.actualidadadiario.com\/index.php\/wp-json\/wp\/v2\/posts\/116163"}],"collection":[{"href":"https:\/\/www.actualidadadiario.com\/index.php\/wp-json\/wp\/v2\/posts"}],"about":[{"href":"https:\/\/www.actualidadadiario.com\/index.php\/wp-json\/wp\/v2\/types\/post"}],"author":[{"embeddable":true,"href":"https:\/\/www.actualidadadiario.com\/index.php\/wp-json\/wp\/v2\/users\/3"}],"replies":[{"embeddable":true,"href":"https:\/\/www.actualidadadiario.com\/index.php\/wp-json\/wp\/v2\/comments?post=116163"}],"version-history":[{"count":1,"href":"https:\/\/www.actualidadadiario.com\/index.php\/wp-json\/wp\/v2\/posts\/116163\/revisions"}],"predecessor-version":[{"id":116164,"href":"https:\/\/www.actualidadadiario.com\/index.php\/wp-json\/wp\/v2\/posts\/116163\/revisions\/116164"}],"wp:featuredmedia":[{"embeddable":true,"href":"https:\/\/www.actualidadadiario.com\/index.php\/wp-json\/wp\/v2\/media\/108295"}],"wp:attachment":[{"href":"https:\/\/www.actualidadadiario.com\/index.php\/wp-json\/wp\/v2\/media?parent=116163"}],"wp:term":[{"taxonomy":"category","embeddable":true,"href":"https:\/\/www.actualidadadiario.com\/index.php\/wp-json\/wp\/v2\/categories?post=116163"},{"taxonomy":"post_tag","embeddable":true,"href":"https:\/\/www.actualidadadiario.com\/index.php\/wp-json\/wp\/v2\/tags?post=116163"}],"curies":[{"name":"wp","href":"https:\/\/api.w.org\/{rel}","templated":true}]}}