{"id":116155,"date":"2024-06-14T13:11:26","date_gmt":"2024-06-14T16:11:26","guid":{"rendered":"https:\/\/www.actualidadadiario.com\/?p=116155"},"modified":"2024-06-14T13:11:26","modified_gmt":"2024-06-14T16:11:26","slug":"milei-festeja-la-baja-de-inflacion-pero-no-ve-la-pobreza-el-desempleo-y-la-recesion","status":"publish","type":"post","link":"https:\/\/www.actualidadadiario.com\/index.php\/2024\/06\/14\/milei-festeja-la-baja-de-inflacion-pero-no-ve-la-pobreza-el-desempleo-y-la-recesion\/","title":{"rendered":"Milei festeja la baja de inflaci\u00f3n, pero &#8220;no ve&#8221; la pobreza, el desempleo y la recesi\u00f3n"},"content":{"rendered":"<p style=\"text-align: center;\"><em><strong>El gobierno libertario celebra que en mayo hubo una fuerte desaceleraci\u00f3n de precios, pese a que la inflaci\u00f3n acumulada desde diciembre de 2023 supera los 115 puntos. No obstante, lo grave es que subi\u00f3 la pobreza hasta el 50%, la recesi\u00f3n es profunda y el desempleo escala<\/strong><\/em><\/p>\n<p>&nbsp;<\/p>\n<p>&nbsp;<\/p>\n<p>Ayer el Instituto Nacional de Estad\u00edsticas y Censos (INDEC) inform\u00f3 que la inflaci\u00f3n en mayo se ubic\u00f3 en 4,2%, el Gobierno libertario r\u00e1pidamente sali\u00f3 a festejar pero evit\u00f3 fijarse que hay un 115,6% de suba de precios desde que comenz\u00f3 la gesti\u00f3n. Mientras el presidente Javier Milei festeja y suma otra gira internacional la pobreza alcanza el 50%, crece el desempleo y la recesi\u00f3n se profundiza. \u00bfTodav\u00eda no la ven?<\/p>\n<p>Este jueves el Indec dio a conocer que el \u00cdndice de Precios al Consumidor (IPC) en mayo continu\u00f3 su tendencia descendente hacia el 4,2% y marc\u00f3 la cifra m\u00e1s baja desde febrero de 2022, cuando se ubic\u00f3 en 4,7%. Mientras que la inflaci\u00f3n interanual se ubic\u00f3 en el 276,4%. Es que si bien la inflaci\u00f3n mensual contin\u00faa a la baja en los primeros cinco meses del 2024 gracias a las fuertes pol\u00edticas de ajuste, la suba de precios acumula un 71,9%, una mejora respecto a cifras anteriores pero todav\u00eda un desaf\u00edo para la administraci\u00f3n de Luis Caputo.<\/p>\n<p>Si se busca calcular la verdadera inflaci\u00f3n acumulada desde que inici\u00f3 la administraci\u00f3n libertaria, el 10 de diciembre de 2023, y mesurar as\u00ed el verdadero impacto de sus decisiones, incluida la devaluaci\u00f3n del 11 de ese mes, con el 25,5 que midi\u00f3, el n\u00famero alcanza el 115,6%.<\/p>\n<p>Pero mientras la inflaci\u00f3n desciende, la pobreza, el desempleo y la ca\u00edda del consumo est\u00e1n en alza. Con el \u00faltimo dato sobre la variaci\u00f3n del costo de la Canasta B\u00e1sica Total y Alimentaria, el departamento de econom\u00eda de la Universidad Torcuato Di Tella (UTDT) estim\u00f3 que la pobreza promedio del semestre diciembre &#8211; mayo, es decir de la gesti\u00f3n libertaria, alcanz\u00f3 casi el 50% de la poblaci\u00f3n.<\/p>\n<p>De acuerdo al \u00faltimo informe del Indec, la variaci\u00f3n mensual de la canasta b\u00e1sica alimentaria (CBA) -utilizada para medir la indigencia- fue de 3,7%, mientras que la de la canasta b\u00e1sica total (CBT), utilizada para medir la pobreza, fue de 2,8%. Ambas acumulan variaciones interanuales del 290,7%. Por lo que, de acuerdo al Indec una familia integrada por cuatro personas necesit\u00f3 reunir en mayo 851.000 pesos para no caer bajo la l\u00ednea de pobreza.<\/p>\n<p>Con estos datos, el departamento de econom\u00eda de la UTDT actualiz\u00f3 su proyecci\u00f3n de pobreza en el pa\u00eds que La Libertad Avanza no quiere ver. \u201cSe estima una tasa de pobreza de 49,7% para el semestre que va de diciembre (2023) a mayo (2024). La incidencia proyectada es un promedio ponderado de una tasa de pobreza de 45,2% para diciembre de 2023, un 51,8% para el primer trimestre de 2024 y 48.7% para el bimestre abril-mayo de 2024. Esta proyecci\u00f3n sugiere que alrededor del 50% de las personas viven en hogares urbanos pobres, lo que implica que alrededor de 14,5 millones viven en hogares urbanos pobres\u201d, sostiene el \u00faltimo informe de la UTDT.<\/p>\n<p>Mientras que seg\u00fan estimaciones del Observatorio de la Deuda Social Argentina de la Universidad Cat\u00f3lica Argentina (ODSA-UCA), la pobreza alcanz\u00f3 al 55% de la poblaci\u00f3n y la indigencia al 18% en el primer trimestre del a\u00f1o. Agust\u00edn Salvia, director del ODSA-UCA cosider\u00f3 en di\u00e1logo con Infobae: \u201cEl mayor problema ahora tiene que ver con la indigencia, porque la duplicaci\u00f3n de la Asignaci\u00f3n Universal por Hijo (AUH), la Tarjeta Alimentar y el plan de los 1.000 d\u00edas es una compensaci\u00f3n al aumento de la inflaci\u00f3n y en un contexto de ca\u00edda del nivel de actividad y de mucha recesi\u00f3n los sectores informales, los cuentapropistas, aut\u00f3nomos y peque\u00f1as empresas familiares o microemprendedores locales ven reducido su nivel de trabajo y la cantidad de horas trabajadas, lo cual baja su remuneraci\u00f3n\u201d.<\/p>\n<p>\u201cEstos niveles probablemente hayan sido quiz\u00e1s los m\u00e1s graves y hacia adelante, una eventual mayor ca\u00edda de la inflaci\u00f3n har\u00eda que devenga un proceso de mejora junto a una recuperaci\u00f3n de la actividad. Es m\u00e1s f\u00e1cil que bajen los niveles de pobreza que los de indigencia en ese contexto, aunque llegar a los niveles que ten\u00edamos antes de la devaluaci\u00f3n es todav\u00eda una meta bastante distante\u201d, proyect\u00f3 Salvia quien alert\u00f3 que, si con la recesi\u00f3n se produce un shock de desempleo por el cierre de establecimientos de peque\u00f1as y medianas empresas, se agravar\u00edan tanto la pobreza como la indigencia.<\/p>\n<p>Es que mientras crece la pobreza crece el desempleo. El Banco Centra inform\u00f3 que en el primer trimestre del a\u00f1o dejaron de tener actividad casi 275.000 cuentas sueldo en el sistema financiero argentino, es decir, entre el 2 y el 3% del total de cuentas bancarias destinadas a la acreditaci\u00f3n de salarios dejaron de funcionar. Esto se relaciona estrictamente con la p\u00e9rdida de puestos de trabajo. Cabe resaltar que las cuentas sueldo representan \u00fanicamente el empleo formal en relaci\u00f3n de dependencia.<\/p>\n<p>Para la consultora Equilibra, seg\u00fan su \u00faltimo reporte, en el primer trimestre de este a\u00f1o se perdi\u00f3 el 1,4% de los puestos de trabajo totales, que incluye adem\u00e1s del empleo formal (p\u00fablico y privado), los asalariados en negro y los no asalariados (monotributistas, aut\u00f3nomos, etc). Es decir, se perdieron 240.000 puestos de trabajo, una ca\u00edda que no ocurr\u00eda desde 2020 en el momento m\u00e1s cr\u00edtico de la cuarentena decretada en la pandemia de coronavirus.<\/p>\n<p>&nbsp;<\/p>\n<p><strong>Ca\u00edda de la actividad econ\u00f3mica y proyectan m\u00e1s recesi\u00f3n<\/strong><\/p>\n<p>Si bien las cifras de mayo se dar\u00e1n a conocer por el Indec la pr\u00f3xima semana, el organismo di\u00f3 a conocer las fuertes ca\u00eddas en la actividad econ\u00f3mica en abril cuando la industria cay\u00f3 un 16,6% y la construcci\u00f3n, un 37%.<\/p>\n<p>El sector de la construcci\u00f3n mantuvo la tendencia negativa en el cuarto mes del a\u00f1o. Seg\u00fan datos publicados por el Indec, el Indicador sint\u00e9tico de la actividad de la construcci\u00f3n (ISAC) se contrajo 37,2% en abril, en comparaci\u00f3n con el mismo mes del a\u00f1o pasado. As\u00ed, el acumulado del primer cuatrimestre muestra una baja del 32%.<\/p>\n<p>Las cifras se dan principalmente en la ca\u00edda de los principales materiales del sector. El informe mostr\u00f3, por ejemplo, una fuerte ca\u00edda del 60,6% en las ventas de asfalto (material principalmente asociado a la obra p\u00fablica), contracci\u00f3n en la demanda de hierro redondo (-57,5%), mosaicos gran\u00edticos y calc\u00e1reos (-54,4%), art\u00edculos sanitarios de cer\u00e1mica (-48,1%) y hormig\u00f3n elaborado (-46,8%), entre otros insumos. Adem\u00e1s, el Indec inform\u00f3 que hubo una ca\u00edda del 15,7% en el n\u00famero total de trabajadores durante el mes de marzo (se contabilizaron 391.637 en total). En el segundo, se midi\u00f3 una fuerte reducci\u00f3n del 37,9%, con 911.576 m2 autorizados en el tercer mes de este a\u00f1o.<\/p>\n<p>En el cuarto mes del a\u00f1o, el \u00edndice de producci\u00f3n industrial manufacturero (IPI manufacturero) de abril registr\u00f3 una ca\u00edda de 16,6% respecto a igual mes de 2023. As\u00ed, el acumulado del primer cuatrimestre de 2024 presenta una disminuci\u00f3n de 15,4%.\u00a0 En orden a su incidencia en el nivel general, se registraron disminuciones en \u201cAlimentos y bebidas\u201d, 9%; \u201cMaquinaria y equipo\u201d, 29%; \u201cProductos minerales no met\u00e1licos\u201d, 35,2%; \u201cIndustrias met\u00e1licas b\u00e1sicas\u201d, 19,3%; \u201cSustancias y productos qu\u00edmicos\u201d, 10,2% y \u201cMuebles y colchones, y otras industrias manufactureras\u201d, 35%.<\/p>\n<p>Tambi\u00e9n se desplomaron los rubros de \u201cOtros equipos, aparatos e instrumentos\u201d, 35,5%; \u201cMadera, papel, edici\u00f3n e impresi\u00f3n\u201d, 13,7%; \u201cProductos de caucho y pl\u00e1stico\u201d, 22,9%; \u201cProductos de metal\u201d, 18,9%; \u201cPrendas de vestir, cuero y calzado\u201d, 15,4%; \u201cVeh\u00edculos automotores, carrocer\u00edas, remolques y autopartes\u201d, 13,6%; \u201cProductos textiles\u201d, 26,2%; \u201cProductos de tabaco\u201d, 26,0%; \u201cRefinaci\u00f3n del petr\u00f3leo, coque y combustible nuclear\u201d, 3,3%; y \u201cOtro equipo de transporte\u201d, 4,7%.<\/p>\n<p>En este contexto de derrumbe de la actividad econ\u00f3mica, el Banco Mundial fue dur\u00edsimo y estim\u00f3 que este a\u00f1o Argentina ser\u00e1 la econom\u00eda latinoamericana con mayor contracci\u00f3n de su PBI, con una recesi\u00f3n del 3,5%.<\/p>\n<p>El informe de \u201cPerspectiva econ\u00f3mica mundial\u201d indic\u00f3 que \u201clas previsiones de crecimiento para 2024 se han revisado a la baja desde enero, principalmente debido a una marcada rebaja para Argentina, que ahora se prev\u00e9 que se contraiga este a\u00f1o antes de reanudar el crecimiento el a\u00f1o pr\u00f3ximo\u201d. \u201cLa econom\u00eda argentina se contraer\u00e1 notablemente, un 3,5% en 2024, aunque repuntar\u00e1 un 5% en 2025\u2033, estimaron.<\/p>\n<p>En enero el Banco Mundial ten\u00eda una visi\u00f3n muy diferente, hab\u00eda calculado que el pa\u00eds crecer\u00eda este a\u00f1o 2,7%; en cambio, en abril \u00faltimo difundi\u00f3 una ca\u00edda del -2,8%, que ahora se profundiz\u00f3 hasta el -3,5%. \u201cEn Argentina, los datos recientes indican que la producci\u00f3n sigue disminuyendo, excepto en la agricultura\u201d, detall\u00f3 el informe.<\/p>\n","protected":false},"excerpt":{"rendered":"<p>El gobierno libertario celebra que en mayo hubo una fuerte desaceleraci\u00f3n de precios, pese a que la inflaci\u00f3n acumulada desde diciembre de 2023 supera los 115 puntos. No obstante, lo grave es que subi\u00f3 la pobreza hasta el 50%, la recesi\u00f3n es profunda y el desempleo escala &nbsp; &nbsp; Ayer el Instituto Nacional de Estad\u00edsticas y Censos (INDEC) inform\u00f3 que la inflaci\u00f3n en mayo se ubic\u00f3 en 4,2%, el Gobierno libertario r\u00e1pidamente sali\u00f3 a festejar pero evit\u00f3 fijarse que hay un 115,6% de suba de precios desde que comenz\u00f3 la&#8230;<\/p>\n","protected":false},"author":3,"featured_media":114754,"comment_status":"closed","ping_status":"closed","sticky":false,"template":"","format":"standard","meta":[],"categories":[9],"tags":[],"_links":{"self":[{"href":"https:\/\/www.actualidadadiario.com\/index.php\/wp-json\/wp\/v2\/posts\/116155"}],"collection":[{"href":"https:\/\/www.actualidadadiario.com\/index.php\/wp-json\/wp\/v2\/posts"}],"about":[{"href":"https:\/\/www.actualidadadiario.com\/index.php\/wp-json\/wp\/v2\/types\/post"}],"author":[{"embeddable":true,"href":"https:\/\/www.actualidadadiario.com\/index.php\/wp-json\/wp\/v2\/users\/3"}],"replies":[{"embeddable":true,"href":"https:\/\/www.actualidadadiario.com\/index.php\/wp-json\/wp\/v2\/comments?post=116155"}],"version-history":[{"count":1,"href":"https:\/\/www.actualidadadiario.com\/index.php\/wp-json\/wp\/v2\/posts\/116155\/revisions"}],"predecessor-version":[{"id":116156,"href":"https:\/\/www.actualidadadiario.com\/index.php\/wp-json\/wp\/v2\/posts\/116155\/revisions\/116156"}],"wp:featuredmedia":[{"embeddable":true,"href":"https:\/\/www.actualidadadiario.com\/index.php\/wp-json\/wp\/v2\/media\/114754"}],"wp:attachment":[{"href":"https:\/\/www.actualidadadiario.com\/index.php\/wp-json\/wp\/v2\/media?parent=116155"}],"wp:term":[{"taxonomy":"category","embeddable":true,"href":"https:\/\/www.actualidadadiario.com\/index.php\/wp-json\/wp\/v2\/categories?post=116155"},{"taxonomy":"post_tag","embeddable":true,"href":"https:\/\/www.actualidadadiario.com\/index.php\/wp-json\/wp\/v2\/tags?post=116155"}],"curies":[{"name":"wp","href":"https:\/\/api.w.org\/{rel}","templated":true}]}}