{"id":116152,"date":"2024-06-14T13:10:43","date_gmt":"2024-06-14T16:10:43","guid":{"rendered":"https:\/\/www.actualidadadiario.com\/?p=116152"},"modified":"2024-06-14T13:10:43","modified_gmt":"2024-06-14T16:10:43","slug":"amnistia-internacional-pidio-que-los-paises-del-g7-aborden-la-situacion-de-los-derechos-humanos-en-argentina","status":"publish","type":"post","link":"https:\/\/www.actualidadadiario.com\/index.php\/2024\/06\/14\/amnistia-internacional-pidio-que-los-paises-del-g7-aborden-la-situacion-de-los-derechos-humanos-en-argentina\/","title":{"rendered":"Amnist\u00eda Internacional pidi\u00f3 que los pa\u00edses del G7 \u00ababorden la situaci\u00f3n de los derechos humanos en Argentina\u00bb"},"content":{"rendered":"<p style=\"text-align: center;\"><em><strong>El organismo hizo un llamado a los jefes de Estado reunidos este fin de semana en Italia para abordar la situaci\u00f3n del pa\u00eds<\/strong><\/em><\/p>\n<p>&nbsp;<\/p>\n<p>&nbsp;<\/p>\n<p>Amnist\u00eda Internacional exhort\u00f3 a los jefes de Estado y gobierno del G7 -Jap\u00f3n, Reino Unido, Alemania, Estados Unidos, Italia, Canad\u00e1 y Francia- para tratar lo que defini\u00f3 como ataques a los derechos humanos y a los todos los s\u00edmbolos de la democracia por parte del presidente Javier Milei desde que asumi\u00f3. La edici\u00f3n de la cumbre 2024 est\u00e1 en pleno desarrollo en Apulia, Italia, empez\u00f3 este jueves y se extender\u00e1 hasta el s\u00e1bado. El Ejecutivo nacional argentino es uno de los invitados.<\/p>\n<p>Cabe destacar que el Grupo de los 7 es un foro de pa\u00edses desarrollados, sumamente industrializados y son quienes organizan cumbres de jefes de Estado y de gobierno que se realizan anualmente y lo hacen en distintas sedes, en la que suelen invitar a l\u00edderes gubernamentales de otros pa\u00edses para tratar temas sensibles y preocupantes.<\/p>\n<p>&nbsp;<\/p>\n<p><strong>El mensaje de la carta<\/strong><\/p>\n<p>Amnist\u00eda Internacional Argentina -en coordinaci\u00f3n con las secciones de la organizaci\u00f3n- envi\u00f3 una carta destinada a las principales autoridades de las delegaciones diplom\u00e1ticas de los Estados que est\u00e1n participando en la cumbre. La organizaci\u00f3n emiti\u00f3 un mensaje en el que expresa preocupaci\u00f3n por los constantes ataques de Milei contra los Derechos Humanos.<\/p>\n<p>La carta redactada expone una serie de problem\u00e1ticas que ya fueron exhibidas en el informe de los primeros cien d\u00edas del actual gobierno en el ejercicio de sus funciones. Esto se comunic\u00f3 en la conferencia de prensa en la que presentaron dicho reporte, con las correspondientes actualizaciones al cumplirse los seis primeros meses del gobierno de La Libertad Avanza (LLA).<\/p>\n<p>&nbsp;<\/p>\n<p><strong>Sobre los t\u00f3picos a tratar<\/strong><\/p>\n<ol>\n<li>a) El despliegue de narrativas violentas y discursos de odio en redes sociales e intervenciones presidenciales.<\/li>\n<\/ol>\n<p>&nbsp;<\/p>\n<ol>\n<li>b) La ejecuci\u00f3n de una pol\u00edtica represiva y de limitaciones legales a la protesta social y a las manifestaciones pac\u00edficas.<\/li>\n<\/ol>\n<p>&nbsp;<\/p>\n<ol>\n<li>c) La pol\u00edtica y propuestas legislativas que impactan de manera significativa en la reducci\u00f3n del poder adquisitivo de las personas jubiladas (en el marco de un dr\u00e1stico ajuste fiscal que afect\u00f3 a la gran mayor\u00eda de la poblaci\u00f3n).<\/li>\n<\/ol>\n<p>&nbsp;<\/p>\n<ol>\n<li>d) Las diversas medidas y declaraciones gubernamentales regresivas en materia de derechos sexuales y reproductivos.<\/li>\n<\/ol>\n<p>&nbsp;<\/p>\n<p>Amnist\u00eda Internacional es un movimiento de magnitud mundial. Est\u00e1 reconocido en la Declaraci\u00f3n Universal de los Derechos Humanos que fue aprobada en 1948 (posguerra), tambi\u00e9n en otros Tratados y Pactos Internacionales. La cumbre se est\u00e1 desarrollando en Apulia, Italia, comenz\u00f3 este jueves 13 y se extender\u00e1 hasta el s\u00e1bado 15 de junio.<\/p>\n","protected":false},"excerpt":{"rendered":"<p>El organismo hizo un llamado a los jefes de Estado reunidos este fin de semana en Italia para abordar la situaci\u00f3n del pa\u00eds &nbsp; &nbsp; Amnist\u00eda Internacional exhort\u00f3 a los jefes de Estado y gobierno del G7 -Jap\u00f3n, Reino Unido, Alemania, Estados Unidos, Italia, Canad\u00e1 y Francia- para tratar lo que defini\u00f3 como ataques a los derechos humanos y a los todos los s\u00edmbolos de la democracia por parte del presidente Javier Milei desde que asumi\u00f3. La edici\u00f3n de la cumbre 2024 est\u00e1 en pleno desarrollo en Apulia, Italia, empez\u00f3&#8230;<\/p>\n","protected":false},"author":3,"featured_media":116153,"comment_status":"closed","ping_status":"closed","sticky":false,"template":"","format":"standard","meta":[],"categories":[9],"tags":[],"_links":{"self":[{"href":"https:\/\/www.actualidadadiario.com\/index.php\/wp-json\/wp\/v2\/posts\/116152"}],"collection":[{"href":"https:\/\/www.actualidadadiario.com\/index.php\/wp-json\/wp\/v2\/posts"}],"about":[{"href":"https:\/\/www.actualidadadiario.com\/index.php\/wp-json\/wp\/v2\/types\/post"}],"author":[{"embeddable":true,"href":"https:\/\/www.actualidadadiario.com\/index.php\/wp-json\/wp\/v2\/users\/3"}],"replies":[{"embeddable":true,"href":"https:\/\/www.actualidadadiario.com\/index.php\/wp-json\/wp\/v2\/comments?post=116152"}],"version-history":[{"count":1,"href":"https:\/\/www.actualidadadiario.com\/index.php\/wp-json\/wp\/v2\/posts\/116152\/revisions"}],"predecessor-version":[{"id":116154,"href":"https:\/\/www.actualidadadiario.com\/index.php\/wp-json\/wp\/v2\/posts\/116152\/revisions\/116154"}],"wp:featuredmedia":[{"embeddable":true,"href":"https:\/\/www.actualidadadiario.com\/index.php\/wp-json\/wp\/v2\/media\/116153"}],"wp:attachment":[{"href":"https:\/\/www.actualidadadiario.com\/index.php\/wp-json\/wp\/v2\/media?parent=116152"}],"wp:term":[{"taxonomy":"category","embeddable":true,"href":"https:\/\/www.actualidadadiario.com\/index.php\/wp-json\/wp\/v2\/categories?post=116152"},{"taxonomy":"post_tag","embeddable":true,"href":"https:\/\/www.actualidadadiario.com\/index.php\/wp-json\/wp\/v2\/tags?post=116152"}],"curies":[{"name":"wp","href":"https:\/\/api.w.org\/{rel}","templated":true}]}}