{"id":116148,"date":"2024-06-14T13:08:53","date_gmt":"2024-06-14T16:08:53","guid":{"rendered":"https:\/\/www.actualidadadiario.com\/?p=116148"},"modified":"2024-06-14T13:08:53","modified_gmt":"2024-06-14T16:08:53","slug":"restringen-la-circulacion-de-camiones-hasta-el-23-de-junio-que-caminos-afecta","status":"publish","type":"post","link":"https:\/\/www.actualidadadiario.com\/index.php\/2024\/06\/14\/restringen-la-circulacion-de-camiones-hasta-el-23-de-junio-que-caminos-afecta\/","title":{"rendered":"Restringen la circulaci\u00f3n de camiones hasta el 23 de junio: qu\u00e9 caminos afecta"},"content":{"rendered":"<p style=\"text-align: center;\"><em><strong>Mediante la resoluci\u00f3n 15\/2024 publicada en el Bolet\u00edn Oficial. Cu\u00e1les son las rutas que tendr\u00e1n prohibido la circulaci\u00f3n de camiones<\/strong><\/em><\/p>\n<p>&nbsp;<\/p>\n<p>&nbsp;<\/p>\n<p>La Secretar\u00eda de Transporte de la Naci\u00f3n anunci\u00f3 la restricci\u00f3n en la circulaci\u00f3n de camiones de carga en rutas nacionales hasta el domingo 23 de junio. Para constatar que se cumpla con la medida, la Agencia de Seguridad Vial y Gendarmer\u00eda llevaran a cabo controles.<\/p>\n<p>Por los feriados y los findes \u00a0de semanas XXL, la medida establece que &#8220;los veh\u00edculos de categor\u00edas N2 y, N3, O3 y O4 no podr\u00e1n circular por las rutas nacionales en las fechas, horarios, y sentidos plasmados en el anexo el cual integra la presente medida&#8221;.<\/p>\n<p>&nbsp;<\/p>\n<p><strong>Los camiones exceptuados de la medida<\/strong><\/p>\n<p>La Direcci\u00f3n Nacional de Coordinaci\u00f3n Interjurisdiccional de la Agencia Nacional de Seguridad Vial, coordinar\u00e1 junto a la Comisi\u00f3n Nacional de Regulaci\u00f3n del Transporte y Gendarmer\u00eda Nacional Argentina diferentes controles en las rutas nacionales para la constataci\u00f3n de infracciones y fiscalizaci\u00f3n sobre las medidas anunciadas.<\/p>\n<p>&nbsp;<\/p>\n<p><strong>En la misma adem\u00e1s se establecieron las siguientes excepciones:<\/strong><\/p>\n<ul>\n<li>Transporte de leche cruda, sus productos derivados, y envases asociados.<\/li>\n<li>Transporte de animales vivos.<\/li>\n<li>Transporte de productos frutihort\u00edcolas en tr\u00e1nsito.<\/li>\n<li>Transportes exclusivos de prensa y de unidades m\u00f3viles de medios de comunicaci\u00f3n audiovisual.<\/li>\n<li>Transporte de atenci\u00f3n de emergencias.<\/li>\n<li>Transporte de asistencia de veh\u00edculos averiados o accidentados.<\/li>\n<li>Camiones cisterna de traslados de combustibles.<\/li>\n<li>Transporte de medicinas.<\/li>\n<li>Transporte de dep\u00f3sitos final de residuos s\u00f3lidos urbanos.<\/li>\n<li>Transportes que deban circular en cumplimiento directo e inmediato de una orden judicial.<\/li>\n<\/ul>\n<p>&nbsp;<\/p>\n<p><em>Las rutas nacionales que tienen prohibido la circulaci\u00f3n de camiones<\/em><\/p>\n<p>La secretaria de Transporte tambi\u00e9n mencion\u00f3 cu\u00e1les son las rutas nacionales que tienen prohibido la circulaci\u00f3n de camiones hasta el 23 de junio. La medida incluye a:<\/p>\n<ul>\n<li>Autopista Buenos Aires &#8211; La Plata.<\/li>\n<li>Autopista Ricchieri acceso oeste y norte.<\/li>\n<li>Las Rutas Nacionales 3, 5,7,8,9,11,12,14,16,19,20,22,33,34,35,38,40,105,143,144,146,149,151,154, 158, 174, 188, 205, 226, 231 y 232.<\/li>\n<\/ul>\n","protected":false},"excerpt":{"rendered":"<p>Mediante la resoluci\u00f3n 15\/2024 publicada en el Bolet\u00edn Oficial. Cu\u00e1les son las rutas que tendr\u00e1n prohibido la circulaci\u00f3n de camiones &nbsp; &nbsp; La Secretar\u00eda de Transporte de la Naci\u00f3n anunci\u00f3 la restricci\u00f3n en la circulaci\u00f3n de camiones de carga en rutas nacionales hasta el domingo 23 de junio. Para constatar que se cumpla con la medida, la Agencia de Seguridad Vial y Gendarmer\u00eda llevaran a cabo controles. Por los feriados y los findes \u00a0de semanas XXL, la medida establece que &#8220;los veh\u00edculos de categor\u00edas N2 y, N3, O3 y O4&#8230;<\/p>\n","protected":false},"author":3,"featured_media":114015,"comment_status":"closed","ping_status":"closed","sticky":false,"template":"","format":"standard","meta":[],"categories":[2],"tags":[],"_links":{"self":[{"href":"https:\/\/www.actualidadadiario.com\/index.php\/wp-json\/wp\/v2\/posts\/116148"}],"collection":[{"href":"https:\/\/www.actualidadadiario.com\/index.php\/wp-json\/wp\/v2\/posts"}],"about":[{"href":"https:\/\/www.actualidadadiario.com\/index.php\/wp-json\/wp\/v2\/types\/post"}],"author":[{"embeddable":true,"href":"https:\/\/www.actualidadadiario.com\/index.php\/wp-json\/wp\/v2\/users\/3"}],"replies":[{"embeddable":true,"href":"https:\/\/www.actualidadadiario.com\/index.php\/wp-json\/wp\/v2\/comments?post=116148"}],"version-history":[{"count":1,"href":"https:\/\/www.actualidadadiario.com\/index.php\/wp-json\/wp\/v2\/posts\/116148\/revisions"}],"predecessor-version":[{"id":116149,"href":"https:\/\/www.actualidadadiario.com\/index.php\/wp-json\/wp\/v2\/posts\/116148\/revisions\/116149"}],"wp:featuredmedia":[{"embeddable":true,"href":"https:\/\/www.actualidadadiario.com\/index.php\/wp-json\/wp\/v2\/media\/114015"}],"wp:attachment":[{"href":"https:\/\/www.actualidadadiario.com\/index.php\/wp-json\/wp\/v2\/media?parent=116148"}],"wp:term":[{"taxonomy":"category","embeddable":true,"href":"https:\/\/www.actualidadadiario.com\/index.php\/wp-json\/wp\/v2\/categories?post=116148"},{"taxonomy":"post_tag","embeddable":true,"href":"https:\/\/www.actualidadadiario.com\/index.php\/wp-json\/wp\/v2\/tags?post=116148"}],"curies":[{"name":"wp","href":"https:\/\/api.w.org\/{rel}","templated":true}]}}