{"id":116144,"date":"2024-06-14T13:07:39","date_gmt":"2024-06-14T16:07:39","guid":{"rendered":"https:\/\/www.actualidadadiario.com\/?p=116144"},"modified":"2024-06-14T13:07:39","modified_gmt":"2024-06-14T16:07:39","slug":"junio-pone-a-prueba-la-continuidad-del-proceso-de-desinflacion","status":"publish","type":"post","link":"https:\/\/www.actualidadadiario.com\/index.php\/2024\/06\/14\/junio-pone-a-prueba-la-continuidad-del-proceso-de-desinflacion\/","title":{"rendered":"Junio pone a prueba la continuidad del proceso de desinflaci\u00f3n"},"content":{"rendered":"<p style=\"text-align: center;\"><em><strong>Para los analistas al gobierno le costar\u00e1 romper el piso de mayo, lo cual pone presi\u00f3n sobre la intenci\u00f3n del Gobierno de sostener tasa real positiva<\/strong><\/em><\/p>\n<p>&nbsp;<\/p>\n<p>&nbsp;<\/p>\n<p>Tras el festejo por la tasa de inflaci\u00f3n de 4,2% en mayo, al Gobierno nacional se le abre el desaf\u00edo de sostener el proceso de ca\u00edda de precios que en junio transitar\u00e1 un mes bisagra por el impacto de la suba de tarifas postergadas y algunas se\u00f1ales de rebotes en los precios de los alimentos.<\/p>\n<p>Fue el mismo Gobierno el que puso en el centro de la discusi\u00f3n la relevancia de que la tasa de inflaci\u00f3n contin\u00fae su camino descendente e incluso perfore el 4% al definir que se acab\u00f3 la etapa de \u201ctasa real negativa\u201d.<\/p>\n<p>Esto quiere decir que a partir de junio la inflaci\u00f3n debe estar por debajo de la tasa de inter\u00e9s que reciben los ahorristas por sus colocaciones e inversiones bancarias.<\/p>\n<p>El Gobierno ofreci\u00f3 incentivos para que esa tasa sea de 4,25% mensual, al adjudicar el mi\u00e9rcoles el total de la suscripci\u00f3n de Lecaps en la opci\u00f3n a septiembre que ofrec\u00eda ese rendimiento.<\/p>\n<p>Esa debiera ser el techo de la inflaci\u00f3n para los pr\u00f3ximos meses y por ende la tasa de inflaci\u00f3n de junio debiera ubicarse por debajo de ese valor.<\/p>\n<p>Los primeros datos de inflaci\u00f3n del mes en curso obligan a ser cautelosos con esa posibilidad dado que impactar\u00e1n los ajustes en las tarifas de los servicios p\u00fablicos y los alimentos arrancaron con alg\u00fan rebote.<\/p>\n<p>Cabe recordar que el rubro alimentos en mayo tuvo un aumento de 4,8%, por encima del promedio general -4,2%-. La consultora LCG midi\u00f3 que en la primera semana de junio los alimentos estuvieron estables, pero en la segunda registraron un alza de 1,5%, con lo cual en la medici\u00f3n \u201cpunta a punta\u201d de las cuatro semanas da un alza de 4,8%.<\/p>\n<p>\u201cEs posible que la inflaci\u00f3n de mayo sea un piso transitorio. En junio computar\u00e1n los aumentos de transporte (subtes en CABA, a mediados de mayo y otro ajuste en junio), naftas, y electricidad y gas (ajustes en la parte de generaci\u00f3n, con transporte y distribuci\u00f3n todav\u00eda suspendido) y, nuevamente prepagas\u201d, advirti\u00f3 la consultora LCG.<\/p>\n<p>Asimismo, evalu\u00f3 que \u201cla notable desaceleraci\u00f3n de la inflaci\u00f3n se explica por el desplome de la demanda y por la apelaci\u00f3n (nuevamente) al uso del ancla cambiaria como medida antinlfacionaria. Seguimos sosteniendo que el verdadero test para ver si entramos en un nuevo r\u00e9gimen de inflaci\u00f3n m\u00e1s baja deber\u00e1 hacerse con la actividad repuntando y los salarios recortando la ca\u00edda de los \u00faltimos tiempos. Reci\u00e9n ah\u00ed podremos ver si las expectativas inflacionarias est\u00e1n realmente ancladas\u201d.<\/p>\n<p>Un an\u00e1lisis en el mismo sentido public\u00f3 EcoGo, que midi\u00f3 un aumento de alimentos de 0,5% en la primera semana de junio, lo cual arrojar\u00eda un alza mensual de 4,1%. No obstante ello, la inflaci\u00f3n general del mes trepar\u00eda a 6,1%, seg\u00fan la estimaci\u00f3n preliminar.<\/p>\n<p>\u201cEl aumento respecto al mes anterior responde a los incrementos registrados en servicios regulados \u2013que en mayo fueron congelados-, destac\u00e1ndose las subas en tarifas de gas, electricidad, agua, combustibles y prepagas\u201d, dijo EcoGo.<\/p>\n<p>Con el mismo foco, ACM calcul\u00f3 que ser\u00e1 dif\u00edcil que la inflaci\u00f3n contin\u00fae a la baja: \u201cExisten varios mecanismos que llevan a pensar que el dato de junio ser\u00e1 superior al del mayo. La quita de subsidios a servicios como la electricidad y del gas o la actualizaci\u00f3n del impuesto a los combustibles impactar\u00e1n directamente sobre el IPC del pr\u00f3ximo mes\u201d.<\/p>\n<p>De cumplirse estos pron\u00f3sticos al Gobierno le costar\u00e1 cumplir con su anuncio de tasa real positiva, un requisito reclamado por el FMI.<\/p>\n","protected":false},"excerpt":{"rendered":"<p>Para los analistas al gobierno le costar\u00e1 romper el piso de mayo, lo cual pone presi\u00f3n sobre la intenci\u00f3n del Gobierno de sostener tasa real positiva &nbsp; &nbsp; Tras el festejo por la tasa de inflaci\u00f3n de 4,2% en mayo, al Gobierno nacional se le abre el desaf\u00edo de sostener el proceso de ca\u00edda de precios que en junio transitar\u00e1 un mes bisagra por el impacto de la suba de tarifas postergadas y algunas se\u00f1ales de rebotes en los precios de los alimentos. Fue el mismo Gobierno el que puso&#8230;<\/p>\n","protected":false},"author":3,"featured_media":104540,"comment_status":"closed","ping_status":"closed","sticky":false,"template":"","format":"standard","meta":[],"categories":[2],"tags":[],"_links":{"self":[{"href":"https:\/\/www.actualidadadiario.com\/index.php\/wp-json\/wp\/v2\/posts\/116144"}],"collection":[{"href":"https:\/\/www.actualidadadiario.com\/index.php\/wp-json\/wp\/v2\/posts"}],"about":[{"href":"https:\/\/www.actualidadadiario.com\/index.php\/wp-json\/wp\/v2\/types\/post"}],"author":[{"embeddable":true,"href":"https:\/\/www.actualidadadiario.com\/index.php\/wp-json\/wp\/v2\/users\/3"}],"replies":[{"embeddable":true,"href":"https:\/\/www.actualidadadiario.com\/index.php\/wp-json\/wp\/v2\/comments?post=116144"}],"version-history":[{"count":1,"href":"https:\/\/www.actualidadadiario.com\/index.php\/wp-json\/wp\/v2\/posts\/116144\/revisions"}],"predecessor-version":[{"id":116145,"href":"https:\/\/www.actualidadadiario.com\/index.php\/wp-json\/wp\/v2\/posts\/116144\/revisions\/116145"}],"wp:featuredmedia":[{"embeddable":true,"href":"https:\/\/www.actualidadadiario.com\/index.php\/wp-json\/wp\/v2\/media\/104540"}],"wp:attachment":[{"href":"https:\/\/www.actualidadadiario.com\/index.php\/wp-json\/wp\/v2\/media?parent=116144"}],"wp:term":[{"taxonomy":"category","embeddable":true,"href":"https:\/\/www.actualidadadiario.com\/index.php\/wp-json\/wp\/v2\/categories?post=116144"},{"taxonomy":"post_tag","embeddable":true,"href":"https:\/\/www.actualidadadiario.com\/index.php\/wp-json\/wp\/v2\/tags?post=116144"}],"curies":[{"name":"wp","href":"https:\/\/api.w.org\/{rel}","templated":true}]}}