{"id":116142,"date":"2024-06-14T13:07:01","date_gmt":"2024-06-14T16:07:01","guid":{"rendered":"https:\/\/www.actualidadadiario.com\/?p=116142"},"modified":"2024-06-14T13:07:01","modified_gmt":"2024-06-14T16:07:01","slug":"dos-fines-de-semana-largos-consecutivos-siete-dias-de-descanso-y-apenas-dos-laborables","status":"publish","type":"post","link":"https:\/\/www.actualidadadiario.com\/index.php\/2024\/06\/14\/dos-fines-de-semana-largos-consecutivos-siete-dias-de-descanso-y-apenas-dos-laborables\/","title":{"rendered":"Dos fines de semana largos consecutivos: siete d\u00edas de descanso y apenas dos laborables"},"content":{"rendered":"<p style=\"text-align: center;\"><em><strong>Con la llegada del invierno se vienen en junio dos fines de semana largos consecutivos en la Argentina que generan un per\u00edodo de siete d\u00edas de descanso y en el medio tienen apenas dos d\u00edas laborales, por lo que es una gran oportunidad para aprovechar y hacer turismo por los distintos rincones del pa\u00eds<\/strong><\/em><\/p>\n<p>&nbsp;<\/p>\n<p>&nbsp;<\/p>\n<p>&nbsp;<\/p>\n<p>Esto se produce porque el lunes 17 de junio es el feriado inamovible por el paso a la inmortalidad del General Don Mart\u00edn Miguel de G\u00fcemes y previamente el s\u00e1bado 15 y el domingo 16 de junio son dos d\u00edas no laborables, as\u00ed que el esquema queda de la siguiente manera:<\/p>\n<ul>\n<li><strong>S\u00e1bado 15 de junio:<\/strong> descanso laboral<\/li>\n<li><strong>Domingo 16 de junio:<\/strong> descanso laboral<\/li>\n<li><strong>Lunes 17 de junio:<\/strong> feriado trasladable por el homenaje a G\u00fcemes<\/li>\n<\/ul>\n<p>Luego, el martes 18 y el mi\u00e9rcoles 19 de junio se trabaja de manera normal, pero el jueves 20 de junio es feriado inamovible por el D\u00eda de la Soberan\u00eda Nacional, en homenaje al paso a la inmortalidad del General Manuel Belgrano, y el viernes 21 de junio fue declarado como puente tur\u00edstico, por lo que el s\u00e1bado 22 y el viernes 23 de junio tampoco se trabaja y el feriado extra largo queda compuesto de la siguiente manera:<\/p>\n<ul>\n<li><strong>Jueves 20 de junio:<\/strong> feriado homenaje a Manuel Belgrano (tambi\u00e9n conocido como el D\u00eda de la Bandera)<\/li>\n<li><strong>Viernes 21 de junio:<\/strong> puente tur\u00edstico<\/li>\n<li><strong>S\u00e1bado 22 de junio:<\/strong> descanso laboral<\/li>\n<li><strong>Domingo 23 de junio:<\/strong> descanso laboral<\/li>\n<\/ul>\n","protected":false},"excerpt":{"rendered":"<p>Con la llegada del invierno se vienen en junio dos fines de semana largos consecutivos en la Argentina que generan un per\u00edodo de siete d\u00edas de descanso y en el medio tienen apenas dos d\u00edas laborales, por lo que es una gran oportunidad para aprovechar y hacer turismo por los distintos rincones del pa\u00eds &nbsp; &nbsp; &nbsp; Esto se produce porque el lunes 17 de junio es el feriado inamovible por el paso a la inmortalidad del General Don Mart\u00edn Miguel de G\u00fcemes y previamente el s\u00e1bado 15 y el&#8230;<\/p>\n","protected":false},"author":3,"featured_media":114873,"comment_status":"closed","ping_status":"closed","sticky":false,"template":"","format":"standard","meta":[],"categories":[2],"tags":[],"_links":{"self":[{"href":"https:\/\/www.actualidadadiario.com\/index.php\/wp-json\/wp\/v2\/posts\/116142"}],"collection":[{"href":"https:\/\/www.actualidadadiario.com\/index.php\/wp-json\/wp\/v2\/posts"}],"about":[{"href":"https:\/\/www.actualidadadiario.com\/index.php\/wp-json\/wp\/v2\/types\/post"}],"author":[{"embeddable":true,"href":"https:\/\/www.actualidadadiario.com\/index.php\/wp-json\/wp\/v2\/users\/3"}],"replies":[{"embeddable":true,"href":"https:\/\/www.actualidadadiario.com\/index.php\/wp-json\/wp\/v2\/comments?post=116142"}],"version-history":[{"count":1,"href":"https:\/\/www.actualidadadiario.com\/index.php\/wp-json\/wp\/v2\/posts\/116142\/revisions"}],"predecessor-version":[{"id":116143,"href":"https:\/\/www.actualidadadiario.com\/index.php\/wp-json\/wp\/v2\/posts\/116142\/revisions\/116143"}],"wp:featuredmedia":[{"embeddable":true,"href":"https:\/\/www.actualidadadiario.com\/index.php\/wp-json\/wp\/v2\/media\/114873"}],"wp:attachment":[{"href":"https:\/\/www.actualidadadiario.com\/index.php\/wp-json\/wp\/v2\/media?parent=116142"}],"wp:term":[{"taxonomy":"category","embeddable":true,"href":"https:\/\/www.actualidadadiario.com\/index.php\/wp-json\/wp\/v2\/categories?post=116142"},{"taxonomy":"post_tag","embeddable":true,"href":"https:\/\/www.actualidadadiario.com\/index.php\/wp-json\/wp\/v2\/tags?post=116142"}],"curies":[{"name":"wp","href":"https:\/\/api.w.org\/{rel}","templated":true}]}}