{"id":116138,"date":"2024-06-14T13:04:45","date_gmt":"2024-06-14T16:04:45","guid":{"rendered":"https:\/\/www.actualidadadiario.com\/?p=116138"},"modified":"2024-06-14T13:04:45","modified_gmt":"2024-06-14T16:04:45","slug":"la-inflacion-argentina-es-la-mas-alta-del-mundo-a-pesar-de-que-bajo-al-42-de-mayo","status":"publish","type":"post","link":"https:\/\/www.actualidadadiario.com\/index.php\/2024\/06\/14\/la-inflacion-argentina-es-la-mas-alta-del-mundo-a-pesar-de-que-bajo-al-42-de-mayo\/","title":{"rendered":"La inflaci\u00f3n argentina es la m\u00e1s alta del mundo a pesar de que baj\u00f3 al 4,2% de mayo"},"content":{"rendered":"<p style=\"text-align: center;\"><em><strong>A pesar de las expectativas de una disminuci\u00f3n a dos d\u00edgitos para el pr\u00f3ximo a\u00f1o, por el momento Argentina parece destinada a mantener su posici\u00f3n en el podio global de inflaci\u00f3n<\/strong><\/em><\/p>\n<p>&nbsp;<\/p>\n<p>&nbsp;<\/p>\n<p>En mayo, Argentina reafirm\u00f3 su posici\u00f3n de liderazgo tanto a nivel global como regional en cuanto a inflaci\u00f3n. Seg\u00fan datos del. Si bien en la comparativa con abril descendi\u00f3 4,6 puntos porcentuales, la interanual se ubic\u00f3 en el 276,4%, seg\u00fan inform\u00f3 esta jornada el INDEC. Cabe recordar que el Gobierno de Javier Milei hab\u00eda postergado aumentos el mes pasado que fueron claves para este fuerte descenso en la suba general de precios.<\/p>\n<p>Las proyecciones para junio sugieren un rebote a\u00fan m\u00e1s significativo, alcanzando entre un 6% y un 7%. Este aumento se atribuye principalmente al ajuste en las tarifas de servicios p\u00fablicos, entre otros factores. Milei destac\u00f3 la importancia de monitorear la inflaci\u00f3n n\u00facleo y minimiz\u00f3 las preocupaciones respecto al impacto de los servicios p\u00fablicos en el \u00edndice general.<\/p>\n<p>En comparaci\u00f3n con otros pa\u00edses de la regi\u00f3n, Argentina sigue liderando con holgura. Aunque Venezuela registr\u00f3 un incremento del 3,9% en los precios mensuales y del 78% interanual seg\u00fan el OVF, la inflaci\u00f3n argentina sigue siendo la m\u00e1s alta. En el contexto global, Turqu\u00eda ocup\u00f3 el tercer lugar con un aumento del 75% en el \u00faltimo a\u00f1o, seguido por El L\u00edbano con un 58%.<\/p>\n<p>&nbsp;<\/p>\n<p><strong>Proyecciones de inflaci\u00f3n, seg\u00fan distintos organismos<\/strong><\/p>\n<p>El Fondo Monetario Internacional (FMI) revis\u00f3 sus estimaciones para Argentina, proyectando una inflaci\u00f3n del 149% para este a\u00f1o y del 59% para el pr\u00f3ximo. En su evaluaci\u00f3n del programa con el pa\u00eds, el banco de \u00faltima instancia subray\u00f3 la necesidad de consolidar la desinflaci\u00f3n y fortalecer las reservas internacionales del banco central.<\/p>\n<p>En tanto, el Banco Mundial destac\u00f3 recientemente que el aumento de los precios en el pa\u00eds est\u00e1 impulsando al alza el promedio regional, aunque la tendencia muestra signos de moderaci\u00f3n tanto en la inflaci\u00f3n general como en las expectativas.<\/p>\n<p>A pesar de las expectativas de una disminuci\u00f3n a dos d\u00edgitos para el pr\u00f3ximo a\u00f1o, por el momento Argentina parece destinada a mantener su posici\u00f3n en el podio global de inflaci\u00f3n, una situaci\u00f3n que contin\u00faa desafiando las pol\u00edticas econ\u00f3micas del pa\u00eds y las expectativas de los organismos internacionales.<\/p>\n<p>En Am\u00e9rica Latina, la inflaci\u00f3n anual fue del 7,1% y la de mayo del 0,4%; M\u00e9xico qued\u00f3 cuarto con 4,7% (-0,25 en el mes); Paraguay 4,4% (0,4%); Uruguay 4,1% (0,4%); Bolivia 3,5% (0,6%); Chile 3,4% (0,3%); y Ecuador 2,5% (-0,1%). En cuanto al resto del continente, Estados Unidos terminar\u00eda con una suba de los precios del 2,7% este a\u00f1o y 1,9% en 2025, Canad\u00e1 1,2% y 2,3% y M\u00e9xico 2,7% y 1,9%, respectivamente.<\/p>\n<p>Adem\u00e1s, en Colombia llegar\u00eda al 6,4% y 3,6%, Uruguay 5,8% y 5,5%, Bolivia 4,5% y 4,2%, Paraguay 3,8% y 4%, Chile 3,2% y 3% y Per\u00fa 2,3% y 2%.<\/p>\n","protected":false},"excerpt":{"rendered":"<p>A pesar de las expectativas de una disminuci\u00f3n a dos d\u00edgitos para el pr\u00f3ximo a\u00f1o, por el momento Argentina parece destinada a mantener su posici\u00f3n en el podio global de inflaci\u00f3n &nbsp; &nbsp; En mayo, Argentina reafirm\u00f3 su posici\u00f3n de liderazgo tanto a nivel global como regional en cuanto a inflaci\u00f3n. Seg\u00fan datos del. Si bien en la comparativa con abril descendi\u00f3 4,6 puntos porcentuales, la interanual se ubic\u00f3 en el 276,4%, seg\u00fan inform\u00f3 esta jornada el INDEC. Cabe recordar que el Gobierno de Javier Milei hab\u00eda postergado aumentos el&#8230;<\/p>\n","protected":false},"author":3,"featured_media":60213,"comment_status":"closed","ping_status":"closed","sticky":false,"template":"","format":"standard","meta":[],"categories":[9],"tags":[],"_links":{"self":[{"href":"https:\/\/www.actualidadadiario.com\/index.php\/wp-json\/wp\/v2\/posts\/116138"}],"collection":[{"href":"https:\/\/www.actualidadadiario.com\/index.php\/wp-json\/wp\/v2\/posts"}],"about":[{"href":"https:\/\/www.actualidadadiario.com\/index.php\/wp-json\/wp\/v2\/types\/post"}],"author":[{"embeddable":true,"href":"https:\/\/www.actualidadadiario.com\/index.php\/wp-json\/wp\/v2\/users\/3"}],"replies":[{"embeddable":true,"href":"https:\/\/www.actualidadadiario.com\/index.php\/wp-json\/wp\/v2\/comments?post=116138"}],"version-history":[{"count":1,"href":"https:\/\/www.actualidadadiario.com\/index.php\/wp-json\/wp\/v2\/posts\/116138\/revisions"}],"predecessor-version":[{"id":116139,"href":"https:\/\/www.actualidadadiario.com\/index.php\/wp-json\/wp\/v2\/posts\/116138\/revisions\/116139"}],"wp:featuredmedia":[{"embeddable":true,"href":"https:\/\/www.actualidadadiario.com\/index.php\/wp-json\/wp\/v2\/media\/60213"}],"wp:attachment":[{"href":"https:\/\/www.actualidadadiario.com\/index.php\/wp-json\/wp\/v2\/media?parent=116138"}],"wp:term":[{"taxonomy":"category","embeddable":true,"href":"https:\/\/www.actualidadadiario.com\/index.php\/wp-json\/wp\/v2\/categories?post=116138"},{"taxonomy":"post_tag","embeddable":true,"href":"https:\/\/www.actualidadadiario.com\/index.php\/wp-json\/wp\/v2\/tags?post=116138"}],"curies":[{"name":"wp","href":"https:\/\/api.w.org\/{rel}","templated":true}]}}