{"id":116133,"date":"2024-06-14T11:34:14","date_gmt":"2024-06-14T14:34:14","guid":{"rendered":"https:\/\/www.actualidadadiario.com\/?p=116133"},"modified":"2024-06-14T11:34:14","modified_gmt":"2024-06-14T14:34:14","slug":"anuncian-un-fin-de-semana-inestable-en-entre-rios","status":"publish","type":"post","link":"https:\/\/www.actualidadadiario.com\/index.php\/2024\/06\/14\/anuncian-un-fin-de-semana-inestable-en-entre-rios\/","title":{"rendered":"Anuncian un fin de semana inestable en Entre R\u00edos"},"content":{"rendered":"<p style=\"text-align: center;\"><em><strong>Si bien este viernes se pronostican posibles lluvias en Entre R\u00edos, el pron\u00f3stico corri\u00f3 las previsiones de tormentas para el domingo<\/strong><\/em><\/p>\n<p>&nbsp;<\/p>\n<p>&nbsp;<\/p>\n<p>Entre este viernes y el domingo se espera la llegada de un sistema frontal que provocar\u00e1 cambios en las condiciones del tiempo en Entre R\u00edos. Se esperan lluvias y tormentas en distintos puntos de la provincia que podr\u00edan extenderse hasta el domingo, con un descenso gradual de temperaturas.<\/p>\n<p>Para este viernes se esperan temperaturas m\u00ednimas de entre 17 y 19 grados y m\u00e1ximas de hasta 26 grados. Se espera que durante el fin de semana haya un alivio en las t\u00e9rmicas. Incluso, el pron\u00f3stico prev\u00e9 mayor posibilidad de precipitaciones para el domingo del D\u00eda del Padre.<\/p>\n<p>&nbsp;<\/p>\n<p><strong>Cu\u00e1ndo y d\u00f3nde podr\u00edan volver las lluvias <\/strong><\/p>\n<p>En Paran\u00e1, La Paz, Diamante, Villaguay y Nogoy\u00e1, pronostican posibles tormentas aisladas desde la ma\u00f1ana, pero con mayor probabilidad a la tarde y noche de este viernes. Luego, para el domingo aumenta la posibilidad de tormentas.<\/p>\n<p>En Concordia, Federal, Federaci\u00f3n, Feliciano y San Salvador, anuncian chaparrones este viernes de tarde y tormentas aisladas para la noche y la madrugada del s\u00e1bado. Luego, el domingo aumenta la probabilidad de tormentas.<\/p>\n<p>En Gualeguaych\u00fa, Col\u00f3n, Tala, Uruguay e Ibicuy, anuncian tormentas aisladas este viernes de ma\u00f1ana, tarde y noche. Luego, no se descartan algunos chaparrones el domingo.<\/p>\n<p>En Victoria y Gualeguay, por \u00faltimo, prev\u00e9n posibles tormentas aisladas desde la ma\u00f1ana, tarde y noche del viernes. Para el domingo tambi\u00e9n habr\u00eda algunas lluvias aisladas y chaparrones.<\/p>\n","protected":false},"excerpt":{"rendered":"<p>Si bien este viernes se pronostican posibles lluvias en Entre R\u00edos, el pron\u00f3stico corri\u00f3 las previsiones de tormentas para el domingo &nbsp; &nbsp; Entre este viernes y el domingo se espera la llegada de un sistema frontal que provocar\u00e1 cambios en las condiciones del tiempo en Entre R\u00edos. Se esperan lluvias y tormentas en distintos puntos de la provincia que podr\u00edan extenderse hasta el domingo, con un descenso gradual de temperaturas. Para este viernes se esperan temperaturas m\u00ednimas de entre 17 y 19 grados y m\u00e1ximas de hasta 26 grados&#8230;.<\/p>\n","protected":false},"author":3,"featured_media":112262,"comment_status":"closed","ping_status":"closed","sticky":false,"template":"","format":"standard","meta":[],"categories":[15],"tags":[],"_links":{"self":[{"href":"https:\/\/www.actualidadadiario.com\/index.php\/wp-json\/wp\/v2\/posts\/116133"}],"collection":[{"href":"https:\/\/www.actualidadadiario.com\/index.php\/wp-json\/wp\/v2\/posts"}],"about":[{"href":"https:\/\/www.actualidadadiario.com\/index.php\/wp-json\/wp\/v2\/types\/post"}],"author":[{"embeddable":true,"href":"https:\/\/www.actualidadadiario.com\/index.php\/wp-json\/wp\/v2\/users\/3"}],"replies":[{"embeddable":true,"href":"https:\/\/www.actualidadadiario.com\/index.php\/wp-json\/wp\/v2\/comments?post=116133"}],"version-history":[{"count":1,"href":"https:\/\/www.actualidadadiario.com\/index.php\/wp-json\/wp\/v2\/posts\/116133\/revisions"}],"predecessor-version":[{"id":116134,"href":"https:\/\/www.actualidadadiario.com\/index.php\/wp-json\/wp\/v2\/posts\/116133\/revisions\/116134"}],"wp:featuredmedia":[{"embeddable":true,"href":"https:\/\/www.actualidadadiario.com\/index.php\/wp-json\/wp\/v2\/media\/112262"}],"wp:attachment":[{"href":"https:\/\/www.actualidadadiario.com\/index.php\/wp-json\/wp\/v2\/media?parent=116133"}],"wp:term":[{"taxonomy":"category","embeddable":true,"href":"https:\/\/www.actualidadadiario.com\/index.php\/wp-json\/wp\/v2\/categories?post=116133"},{"taxonomy":"post_tag","embeddable":true,"href":"https:\/\/www.actualidadadiario.com\/index.php\/wp-json\/wp\/v2\/tags?post=116133"}],"curies":[{"name":"wp","href":"https:\/\/api.w.org\/{rel}","templated":true}]}}