{"id":116131,"date":"2024-06-14T11:33:12","date_gmt":"2024-06-14T14:33:12","guid":{"rendered":"https:\/\/www.actualidadadiario.com\/?p=116131"},"modified":"2024-06-14T11:33:12","modified_gmt":"2024-06-14T14:33:12","slug":"en-alerta-para-defender-el-regimen-jubilatorio-entrerriano-agmer-convoco-a-congreso-para-el-miercoles","status":"publish","type":"post","link":"https:\/\/www.actualidadadiario.com\/index.php\/2024\/06\/14\/en-alerta-para-defender-el-regimen-jubilatorio-entrerriano-agmer-convoco-a-congreso-para-el-miercoles\/","title":{"rendered":"En alerta para defender el r\u00e9gimen jubilatorio entrerriano, Agmer convoc\u00f3 a Congreso para el mi\u00e9rcoles"},"content":{"rendered":"<p style=\"text-align: center;\"><em><strong>La Asociaci\u00f3n Gremial del Magisterio de Entre R\u00edos (Agmer) convoc\u00f3 a Congreso Extraordinario para el mi\u00e9rcoles 19 de junio en Villaguay.\u00a0 El sindicato docente ya se hab\u00eda declarado en estado de alerta y movilizaci\u00f3n.\u00a0 \u201cAfirmamos nuestra defensa irrestricta de la Ley 8732 y de nuestra Caja\u201d, remarc\u00f3 el Plenario de Secretarios y Secretarias Generales y Comisi\u00f3n Directiva Central<\/strong><\/em><\/p>\n<p>&nbsp;<\/p>\n<p>&nbsp;<\/p>\n<p>\u201cDaremos todos los pasos necesarios con la lucha en las calles, la v\u00eda judicial y la interpelaci\u00f3n a los legisladores de todas las fuerzas pol\u00edticas para impedir este atropello\u201d, expres\u00f3 Agmer en referencia a los anuncios que realiz\u00f3 el gobierno provincial sobre el denominado \u201csalvataje\u201d de la Caja de Jubilaciones, que implica una \u201cdecisi\u00f3n unilateral de incrementar los aportes de los\/las activos\/as y crear un nuevo aporte por parte de los jubilados y jubiladas\u201d.<\/p>\n<p>\u201cNos declaramos en alerta y dispuestos a articular el debate en cada lugar de trabajo junto a un programa de defensa de nuestro r\u00e9gimen jubilatorio\u201d, advirti\u00f3 adem\u00e1s en un documento que emiti\u00f3 tras un encuentro de los secretarios generales de los 17 departamentos, que tuvo lugar el 3 de junio.<\/p>\n<p>Ahora, el sindicato convoc\u00f3 a Congreso Extraordinario para el mi\u00e9rcoles 19 de junio en Villaguay.<\/p>\n<p>En ese marco, la Seccional Paran\u00e1 inform\u00f3 que desde este viernes realizar\u00e1 asambleas escolares de dos horas por turno en las escuelas de todos los niveles y modalidades.<\/p>\n<p>En las escuelas nocturnas, ser\u00e1n este viernes 14 de junio. En las escuelas diurnas (turno ma\u00f1ana y tarde), el martes 18 de junio. Adem\u00e1s, el martes a las 18 tendr\u00e1 la asamblea resolutiva en Seccional, previo al Congreso del mi\u00e9rcoles.<\/p>\n","protected":false},"excerpt":{"rendered":"<p>La Asociaci\u00f3n Gremial del Magisterio de Entre R\u00edos (Agmer) convoc\u00f3 a Congreso Extraordinario para el mi\u00e9rcoles 19 de junio en Villaguay.\u00a0 El sindicato docente ya se hab\u00eda declarado en estado de alerta y movilizaci\u00f3n.\u00a0 \u201cAfirmamos nuestra defensa irrestricta de la Ley 8732 y de nuestra Caja\u201d, remarc\u00f3 el Plenario de Secretarios y Secretarias Generales y Comisi\u00f3n Directiva Central &nbsp; &nbsp; \u201cDaremos todos los pasos necesarios con la lucha en las calles, la v\u00eda judicial y la interpelaci\u00f3n a los legisladores de todas las fuerzas pol\u00edticas para impedir este atropello\u201d, expres\u00f3&#8230;<\/p>\n","protected":false},"author":3,"featured_media":20804,"comment_status":"closed","ping_status":"closed","sticky":false,"template":"","format":"standard","meta":[],"categories":[15],"tags":[],"_links":{"self":[{"href":"https:\/\/www.actualidadadiario.com\/index.php\/wp-json\/wp\/v2\/posts\/116131"}],"collection":[{"href":"https:\/\/www.actualidadadiario.com\/index.php\/wp-json\/wp\/v2\/posts"}],"about":[{"href":"https:\/\/www.actualidadadiario.com\/index.php\/wp-json\/wp\/v2\/types\/post"}],"author":[{"embeddable":true,"href":"https:\/\/www.actualidadadiario.com\/index.php\/wp-json\/wp\/v2\/users\/3"}],"replies":[{"embeddable":true,"href":"https:\/\/www.actualidadadiario.com\/index.php\/wp-json\/wp\/v2\/comments?post=116131"}],"version-history":[{"count":1,"href":"https:\/\/www.actualidadadiario.com\/index.php\/wp-json\/wp\/v2\/posts\/116131\/revisions"}],"predecessor-version":[{"id":116132,"href":"https:\/\/www.actualidadadiario.com\/index.php\/wp-json\/wp\/v2\/posts\/116131\/revisions\/116132"}],"wp:featuredmedia":[{"embeddable":true,"href":"https:\/\/www.actualidadadiario.com\/index.php\/wp-json\/wp\/v2\/media\/20804"}],"wp:attachment":[{"href":"https:\/\/www.actualidadadiario.com\/index.php\/wp-json\/wp\/v2\/media?parent=116131"}],"wp:term":[{"taxonomy":"category","embeddable":true,"href":"https:\/\/www.actualidadadiario.com\/index.php\/wp-json\/wp\/v2\/categories?post=116131"},{"taxonomy":"post_tag","embeddable":true,"href":"https:\/\/www.actualidadadiario.com\/index.php\/wp-json\/wp\/v2\/tags?post=116131"}],"curies":[{"name":"wp","href":"https:\/\/api.w.org\/{rel}","templated":true}]}}