{"id":116126,"date":"2024-06-14T11:30:27","date_gmt":"2024-06-14T14:30:27","guid":{"rendered":"https:\/\/www.actualidadadiario.com\/?p=116126"},"modified":"2024-06-14T11:30:27","modified_gmt":"2024-06-14T14:30:27","slug":"el-gobierno-nacional-definio-las-obras-publicas-que-continuara-en-entre-rios","status":"publish","type":"post","link":"https:\/\/www.actualidadadiario.com\/index.php\/2024\/06\/14\/el-gobierno-nacional-definio-las-obras-publicas-que-continuara-en-entre-rios\/","title":{"rendered":"El gobierno nacional defini\u00f3 las obras p\u00fablicas que continuar\u00e1 en Entre R\u00edos"},"content":{"rendered":"<p style=\"text-align: center;\"><em><strong>En el marco del reordenamiento de la obra p\u00fablica que el gobernador Rogelio Frigerio acord\u00f3 con el jefe de Gabinete, Guillermo Francos, el gobierno nacional defini\u00f3 las obras que continuar\u00e1 ejecutando en la provincia. Incluyen rutas nacionales, cloacas, agua potable y defensa contra las inundaciones<\/strong><\/em><\/p>\n<p>&nbsp;<\/p>\n<p>&nbsp;<\/p>\n<p>Fueron establecidas por la Secretar\u00eda de Obras P\u00fablicas de la Naci\u00f3n y seguir\u00e1n estando bajo la administraci\u00f3n del Estado central, con financiamiento nacional.<\/p>\n<p>Asimismo, se contin\u00faa trabajando en el reordenamiento del resto de las obras para determinar c\u00f3mo se financiar\u00e1n y ejecutar\u00e1n.<\/p>\n<p>&nbsp;<\/p>\n<p><strong>El listado de las obras que Naci\u00f3n volver\u00e1 a financiar es:<\/strong><\/p>\n<ul>\n<li>ID 153420 Sistema C.Re.Ma &#8211; Malla 513 C &#8211; RN. 0012 &#8211; (acceso General Galarza &#8211; intersecci\u00f3n con ruta nacional N\u00ba 131 y ruta provincial N\u00ba 32).<\/li>\n<\/ul>\n<p>&nbsp;<\/p>\n<ul>\n<li>ID 157539 ruta nacional N\u00ba 18 &#8211; (intersecci\u00f3n ruta nacional N\u00ba 12 &#8211; Colectoras pavimentadas (prog. 67+750)<\/li>\n<\/ul>\n<p>&nbsp;<\/p>\n<ul>\n<li>ID 162137 ruta nacional N\u00ba 136 &#8211; Repavimentaci\u00f3n de calzada, pavimentaci\u00f3n de banquinas y readecuaci\u00f3n de intersecci\u00f3n con ruta provincial N\u00ba 42 &#8211; ruta nacional N\u00ba 136 &#8211; (empalme ruta provincial N\u00ba 20 &#8211; Comienzo viaducto Puente Internacional).<\/li>\n<\/ul>\n<p>&nbsp;<\/p>\n<ul>\n<li>ID 167110 Acceso Sur a Paran\u00e1 &#8211; ruta nacional N\u00ba 12 &#8211; (puente sobre arroyo Saucesito &#8211; avenida Almafuerte).<\/li>\n<\/ul>\n<p>&nbsp;<\/p>\n<ul>\n<li>ID 157542 Autopista &#8211; ruta nacional N\u00ba 18 &#8211; Colectoras pavimentadas (progresiva 67 + 750) &#8211; Intersecci\u00f3n Con ruta provincial 20 (progresiva 135 + 600).<\/li>\n<\/ul>\n<p>&nbsp;<\/p>\n<ul>\n<li>ID 157722 N\/A &#8211; ruta provincial S\/N\u00ba (acceso a Paran\u00e1 &#8211; acceso a Crespo).<\/li>\n<\/ul>\n<p>&nbsp;<\/p>\n<ul>\n<li>ID 5110 Acceso Sur a Paran\u00e1 &#8211; RN acceso &#8211; (acceso Parque Industrial por avenida Hernandarias).<\/li>\n<\/ul>\n<p>&nbsp;<\/p>\n<ul>\n<li>ID 166462 Reparaci\u00f3n de puentes y alcantarillas &#8211; ERI &#8211; ruta nacional N\u00ba 131 (empalme ruta provincial 11 (Puerto Diamante) &#8211; Empalme ruta nacional N\u00ba 12 (Crespo).<\/li>\n<\/ul>\n<p>&nbsp;<\/p>\n<ul>\n<li>ID 161895 Conservaci\u00f3n mejorativa &#8211; ruta nacional N\u00ba 127 &#8211; (A. Federal &#8211; L\u00edmite Entre R\u00edos-Corrientes).<\/li>\n<\/ul>\n<p>&nbsp;<\/p>\n<ul>\n<li>ID 173072 Conservaci\u00f3n mejorativa &#8211; ruta nacional N\u00ba 12 &#8211; Cerrito (ruta provincial N\u00ba 8) &#8211; La Paz (ruta provincial N\u00ba 1).<\/li>\n<\/ul>\n<p>&nbsp;<\/p>\n<ul>\n<li>ID 12612 Ampliaci\u00f3n del sistema de desag\u00fces cloacales para la localidad de Villaguay.<\/li>\n<\/ul>\n<p>&nbsp;<\/p>\n<ul>\n<li>ID 121674 Sistema de producci\u00f3n, transporte y distribuci\u00f3n de agua potable a la ciudad de Concordia.<\/li>\n<\/ul>\n<p>&nbsp;<\/p>\n<ul>\n<li>ID 9686 Ampliaci\u00f3n del sistema de agua potable de la localidad de Diamante.<\/li>\n<\/ul>\n<p>&nbsp;<\/p>\n<ul>\n<li>ID 131069 Defensa contra inundaciones de la localidad de Villa Paranacito.<\/li>\n<\/ul>\n","protected":false},"excerpt":{"rendered":"<p>En el marco del reordenamiento de la obra p\u00fablica que el gobernador Rogelio Frigerio acord\u00f3 con el jefe de Gabinete, Guillermo Francos, el gobierno nacional defini\u00f3 las obras que continuar\u00e1 ejecutando en la provincia. Incluyen rutas nacionales, cloacas, agua potable y defensa contra las inundaciones &nbsp; &nbsp; Fueron establecidas por la Secretar\u00eda de Obras P\u00fablicas de la Naci\u00f3n y seguir\u00e1n estando bajo la administraci\u00f3n del Estado central, con financiamiento nacional. Asimismo, se contin\u00faa trabajando en el reordenamiento del resto de las obras para determinar c\u00f3mo se financiar\u00e1n y ejecutar\u00e1n. &nbsp;&#8230;<\/p>\n","protected":false},"author":3,"featured_media":116127,"comment_status":"closed","ping_status":"closed","sticky":false,"template":"","format":"standard","meta":[],"categories":[9],"tags":[],"_links":{"self":[{"href":"https:\/\/www.actualidadadiario.com\/index.php\/wp-json\/wp\/v2\/posts\/116126"}],"collection":[{"href":"https:\/\/www.actualidadadiario.com\/index.php\/wp-json\/wp\/v2\/posts"}],"about":[{"href":"https:\/\/www.actualidadadiario.com\/index.php\/wp-json\/wp\/v2\/types\/post"}],"author":[{"embeddable":true,"href":"https:\/\/www.actualidadadiario.com\/index.php\/wp-json\/wp\/v2\/users\/3"}],"replies":[{"embeddable":true,"href":"https:\/\/www.actualidadadiario.com\/index.php\/wp-json\/wp\/v2\/comments?post=116126"}],"version-history":[{"count":1,"href":"https:\/\/www.actualidadadiario.com\/index.php\/wp-json\/wp\/v2\/posts\/116126\/revisions"}],"predecessor-version":[{"id":116128,"href":"https:\/\/www.actualidadadiario.com\/index.php\/wp-json\/wp\/v2\/posts\/116126\/revisions\/116128"}],"wp:featuredmedia":[{"embeddable":true,"href":"https:\/\/www.actualidadadiario.com\/index.php\/wp-json\/wp\/v2\/media\/116127"}],"wp:attachment":[{"href":"https:\/\/www.actualidadadiario.com\/index.php\/wp-json\/wp\/v2\/media?parent=116126"}],"wp:term":[{"taxonomy":"category","embeddable":true,"href":"https:\/\/www.actualidadadiario.com\/index.php\/wp-json\/wp\/v2\/categories?post=116126"},{"taxonomy":"post_tag","embeddable":true,"href":"https:\/\/www.actualidadadiario.com\/index.php\/wp-json\/wp\/v2\/tags?post=116126"}],"curies":[{"name":"wp","href":"https:\/\/api.w.org\/{rel}","templated":true}]}}