{"id":116124,"date":"2024-06-14T11:29:22","date_gmt":"2024-06-14T14:29:22","guid":{"rendered":"https:\/\/www.actualidadadiario.com\/?p=116124"},"modified":"2024-06-14T11:29:22","modified_gmt":"2024-06-14T14:29:22","slug":"entre-el-8-y-el-19-de-julio-habra-receso-en-el-senado-entrerriano","status":"publish","type":"post","link":"https:\/\/www.actualidadadiario.com\/index.php\/2024\/06\/14\/entre-el-8-y-el-19-de-julio-habra-receso-en-el-senado-entrerriano\/","title":{"rendered":"Entre el 8 y el 19 de julio habr\u00e1 receso en el senado entrerriano"},"content":{"rendered":"<p style=\"text-align: center;\"><em><strong>Desde la presidencia del Cuerpo se inform\u00f3 que el Senado tendr\u00e1 un receso administrativo entre el 8 y el 19 de julio, en simultaneidad al receso escolar invernal que dispone el Consejo General de Educaci\u00f3n (CGE). Asimismo se declara inh\u00e1bil el viernes 5 de julio, como conmemorativo al D\u00eda del Empleado Legislativo<\/strong><\/em><\/p>\n<p>&nbsp;<\/p>\n<p>&nbsp;<\/p>\n<p>Seg\u00fan el Decreto N\u00ba 119\/24 de la Honorable C\u00e1mara de Senadores, rubricado por el presidente de la misma, Alicia Griselda Aluani, se dispuso que \u201ca los efectos de un adecuado ordenamiento, el deber de garantizar el normal funcionamiento del cuerpo legislativo, la facultad de organizaci\u00f3n del personal comprendido en la presente medida, corresponde establecer las pautas de fijaci\u00f3n de la licencia ordinaria de los mismos\u201d.<\/p>\n<p>En su art\u00edculo primero, decreta: \u201cOt\u00f3rguese receso administrativo en el \u00e1mbito de esta Honorable C\u00e1mara de Senadores durante el periodo comprendido entre el 8 y el 19 de julio del a\u00f1o 2024, cuya semana comprendida entre el 8 al 12 de julio no se computar\u00e1 a cuenta de licencia anual ordinaria y la semana comprendida entre el 15 y el 19 de julio se computar\u00e1 a cuenta de licencia anual ordinaria de los agentes\u201d.<\/p>\n<p>En tal sentido, se aclara que \u201ces pr\u00e1ctica usual conceder a los agentes que conforman la planta de personal de la Honorable C\u00e1mara de Senadores, un receso en las actividades que le son propias, con simultaneidad al receso escolar invernal que dispone el Consejo General de Educaci\u00f3n (CGE) fijar anualmente el Calendario Escolar de la provincia de Entre R\u00edos\u201d.<\/p>\n<p>&nbsp;<\/p>\n<p><strong>D\u00eda del Empleado Legislativo<\/strong><\/p>\n<p>Asimismo, y seg\u00fan la Resoluci\u00f3n N\u00ba 068, el presidente de la Honorable C\u00e1mara de Senadores, atenta a la solicitud formulada por la Asociaci\u00f3n Personal Legislativo de Entre R\u00edos (APLER) declar\u00f3 inh\u00e1bil el d\u00eda viernes 5 de julio como conmemorativo al D\u00eda del Empleado Legislativo, siendo el mismo el d\u00eda s\u00e1bado 6 de julio.<\/p>\n","protected":false},"excerpt":{"rendered":"<p>Desde la presidencia del Cuerpo se inform\u00f3 que el Senado tendr\u00e1 un receso administrativo entre el 8 y el 19 de julio, en simultaneidad al receso escolar invernal que dispone el Consejo General de Educaci\u00f3n (CGE). Asimismo se declara inh\u00e1bil el viernes 5 de julio, como conmemorativo al D\u00eda del Empleado Legislativo &nbsp; &nbsp; Seg\u00fan el Decreto N\u00ba 119\/24 de la Honorable C\u00e1mara de Senadores, rubricado por el presidente de la misma, Alicia Griselda Aluani, se dispuso que \u201ca los efectos de un adecuado ordenamiento, el deber de garantizar el&#8230;<\/p>\n","protected":false},"author":3,"featured_media":113206,"comment_status":"closed","ping_status":"closed","sticky":false,"template":"","format":"standard","meta":[],"categories":[15],"tags":[],"_links":{"self":[{"href":"https:\/\/www.actualidadadiario.com\/index.php\/wp-json\/wp\/v2\/posts\/116124"}],"collection":[{"href":"https:\/\/www.actualidadadiario.com\/index.php\/wp-json\/wp\/v2\/posts"}],"about":[{"href":"https:\/\/www.actualidadadiario.com\/index.php\/wp-json\/wp\/v2\/types\/post"}],"author":[{"embeddable":true,"href":"https:\/\/www.actualidadadiario.com\/index.php\/wp-json\/wp\/v2\/users\/3"}],"replies":[{"embeddable":true,"href":"https:\/\/www.actualidadadiario.com\/index.php\/wp-json\/wp\/v2\/comments?post=116124"}],"version-history":[{"count":1,"href":"https:\/\/www.actualidadadiario.com\/index.php\/wp-json\/wp\/v2\/posts\/116124\/revisions"}],"predecessor-version":[{"id":116125,"href":"https:\/\/www.actualidadadiario.com\/index.php\/wp-json\/wp\/v2\/posts\/116124\/revisions\/116125"}],"wp:featuredmedia":[{"embeddable":true,"href":"https:\/\/www.actualidadadiario.com\/index.php\/wp-json\/wp\/v2\/media\/113206"}],"wp:attachment":[{"href":"https:\/\/www.actualidadadiario.com\/index.php\/wp-json\/wp\/v2\/media?parent=116124"}],"wp:term":[{"taxonomy":"category","embeddable":true,"href":"https:\/\/www.actualidadadiario.com\/index.php\/wp-json\/wp\/v2\/categories?post=116124"},{"taxonomy":"post_tag","embeddable":true,"href":"https:\/\/www.actualidadadiario.com\/index.php\/wp-json\/wp\/v2\/tags?post=116124"}],"curies":[{"name":"wp","href":"https:\/\/api.w.org\/{rel}","templated":true}]}}