{"id":116116,"date":"2024-06-13T12:32:30","date_gmt":"2024-06-13T15:32:30","guid":{"rendered":"https:\/\/www.actualidadadiario.com\/?p=116116"},"modified":"2024-06-13T12:32:30","modified_gmt":"2024-06-13T15:32:30","slug":"el-papa-en-el-g7-reuniones-con-biden-lula-macron-modi-y-zelenski","status":"publish","type":"post","link":"https:\/\/www.actualidadadiario.com\/index.php\/2024\/06\/13\/el-papa-en-el-g7-reuniones-con-biden-lula-macron-modi-y-zelenski\/","title":{"rendered":"El Papa en el G7: reuniones con Biden, Lula, Macron, Modi y Zelenski"},"content":{"rendered":"<p style=\"text-align: center;\"><strong><em>Se conoci\u00f3 la agenda del Sumo Pont\u00edfice en la Cumbre internacional<\/em><\/strong><\/p>\n<p>&nbsp;<\/p>\n<p>&nbsp;<\/p>\n<p>El papa Francisco se reunir\u00e1 con los l\u00edderes de Brasil, los Estados Unidos, Francia, India e Ucrania en los m\u00e1rgenes de la cumbre del Grupo de los Siete (G7), que se celebra en la localidad italiana de Borgo Egnazia, inform\u00f3 el Vaticano este jueves.<\/p>\n<p>Francisco, quien en enero advirti\u00f3 contra los peligros &#8220;perversos&#8221; de la inteligencia artificial, participar\u00e1 el viernes en las conversaciones de los l\u00edderes sobre la nueva tecnolog\u00eda.<\/p>\n<p>El religioso argentino se convertir\u00e1 as\u00ed en el primer pont\u00edfice que participa en los debates del G7, difundi\u00f3 la agencia de noticias Reuters.<\/p>\n<p>En el programa de su visita de un d\u00eda, el Vaticano anunci\u00f3 que Francisco mantendr\u00e1 un encuentro bilateral con el presidente de Estados Unidos, Joe Biden, tambi\u00e9n cat\u00f3lico.<\/p>\n<p>Asimismo, el Vaticano indic\u00f3 que tambi\u00e9n mantendr\u00e1 reuniones individuales con el ucraniano Volod\u00edmir Zelenski, el franc\u00e9s Emmanuel Macron, el indio Narendra Modi, el brasile\u00f1o Luiz In\u00e1cio Lula da Silva, el canadiense Justin Trudeau, el turco Recep Tayyip Erdogan, el keniano William Ruto, el argelino Abdelmadjid Tebboune y la directora del Fondo Monetario Internacional (FMI), Kristalina Georgieva.<\/p>\n","protected":false},"excerpt":{"rendered":"<p>Se conoci\u00f3 la agenda del Sumo Pont\u00edfice en la Cumbre internacional &nbsp; &nbsp; El papa Francisco se reunir\u00e1 con los l\u00edderes de Brasil, los Estados Unidos, Francia, India e Ucrania en los m\u00e1rgenes de la cumbre del Grupo de los Siete (G7), que se celebra en la localidad italiana de Borgo Egnazia, inform\u00f3 el Vaticano este jueves. Francisco, quien en enero advirti\u00f3 contra los peligros &#8220;perversos&#8221; de la inteligencia artificial, participar\u00e1 el viernes en las conversaciones de los l\u00edderes sobre la nueva tecnolog\u00eda. El religioso argentino se convertir\u00e1 as\u00ed en&#8230;<\/p>\n","protected":false},"author":3,"featured_media":116117,"comment_status":"closed","ping_status":"closed","sticky":false,"template":"","format":"standard","meta":[],"categories":[4],"tags":[],"_links":{"self":[{"href":"https:\/\/www.actualidadadiario.com\/index.php\/wp-json\/wp\/v2\/posts\/116116"}],"collection":[{"href":"https:\/\/www.actualidadadiario.com\/index.php\/wp-json\/wp\/v2\/posts"}],"about":[{"href":"https:\/\/www.actualidadadiario.com\/index.php\/wp-json\/wp\/v2\/types\/post"}],"author":[{"embeddable":true,"href":"https:\/\/www.actualidadadiario.com\/index.php\/wp-json\/wp\/v2\/users\/3"}],"replies":[{"embeddable":true,"href":"https:\/\/www.actualidadadiario.com\/index.php\/wp-json\/wp\/v2\/comments?post=116116"}],"version-history":[{"count":1,"href":"https:\/\/www.actualidadadiario.com\/index.php\/wp-json\/wp\/v2\/posts\/116116\/revisions"}],"predecessor-version":[{"id":116118,"href":"https:\/\/www.actualidadadiario.com\/index.php\/wp-json\/wp\/v2\/posts\/116116\/revisions\/116118"}],"wp:featuredmedia":[{"embeddable":true,"href":"https:\/\/www.actualidadadiario.com\/index.php\/wp-json\/wp\/v2\/media\/116117"}],"wp:attachment":[{"href":"https:\/\/www.actualidadadiario.com\/index.php\/wp-json\/wp\/v2\/media?parent=116116"}],"wp:term":[{"taxonomy":"category","embeddable":true,"href":"https:\/\/www.actualidadadiario.com\/index.php\/wp-json\/wp\/v2\/categories?post=116116"},{"taxonomy":"post_tag","embeddable":true,"href":"https:\/\/www.actualidadadiario.com\/index.php\/wp-json\/wp\/v2\/tags?post=116116"}],"curies":[{"name":"wp","href":"https:\/\/api.w.org\/{rel}","templated":true}]}}