{"id":116113,"date":"2024-06-13T12:31:28","date_gmt":"2024-06-13T15:31:28","guid":{"rendered":"https:\/\/www.actualidadadiario.com\/?p=116113"},"modified":"2024-06-13T12:31:28","modified_gmt":"2024-06-13T15:31:28","slug":"el-gobierno-chileno-decreto-el-estado-de-catastrofe-ante-las-graves-inundaciones","status":"publish","type":"post","link":"https:\/\/www.actualidadadiario.com\/index.php\/2024\/06\/13\/el-gobierno-chileno-decreto-el-estado-de-catastrofe-ante-las-graves-inundaciones\/","title":{"rendered":"El gobierno chileno decret\u00f3 el estado de cat\u00e1strofe ante las graves inundaciones"},"content":{"rendered":"<p style=\"text-align: center;\"><em><strong>Ya se vieron afectadas casi mil personas por las lluvias que golpean al sur y centro del pa\u00eds, mientras que unas 450 familias ya fueron evacuadas<\/strong><\/em><\/p>\n<p>&nbsp;<\/p>\n<p>&nbsp;<\/p>\n<p>Unas m\u00e1s que intensas lluvias est\u00e1n causando estragos en el centro y sur de Chile, al punto tal que en las \u00faltimas horas el gobierno decidi\u00f3 decretar el estado de cat\u00e1strofe en la regi\u00f3n del Biob\u00edo, donde viven m\u00e1s de un mill\u00f3n y medio de personas. El ministro del Interior, Manuel Monsalve, fue el encargado de confirmar la noticia tras aclarar que se dio debido a un pedido de la alcald\u00eda de Arauco, que es una de las regiones m\u00e1s afectadas por el temporal. \u201cHemos decidido decretar estado de cat\u00e1strofe en la totalidad de la regi\u00f3n del Biob\u00edo. Con esta declaraci\u00f3n lo que hace es facilitar a los servicios p\u00fablicos y a toda la institucionalidad p\u00fablica, poder operar m\u00e1s r\u00e1pido cuando toma decisiones, particularmente en situaciones de emergencia donde se requiere contratar servicios y comprar bienes, y eso se puede hacer m\u00e1s r\u00e1pido\u201d, explic\u00f3 el funcionario.<\/p>\n<p>Las tormentas ya afectaron a casi 1.000 personas, donde unas 450 familias debieron ser evacuadas por las autoridades. Adem\u00e1s, cerca de 600 casas se vieron totalmente da\u00f1adas, las rutas y caminos se encuentran pr\u00e1cticamente cortados, la electricidad se vio afectada, y muchos \u00e1rboles terminaron cediendo. En relaci\u00f3n al dictado de clases, las mismas se vieron totalmente interrumpidas. Entre las regiones m\u00e1s afectadas, adem\u00e1s de Biob\u00edo, aparecen otras como \u00d1uble y Araucan\u00eda.<\/p>\n<p>En torno a c\u00f3mo continuar\u00e1 el clima, los pron\u00f3sticos no son alentadores, ya que se espera que contin\u00faen desarroll\u00e1ndose diversas tormentas, con fuerte ca\u00edda de agua. De hecho, el propio Monsalve destac\u00f3 que \u201cvamos a tener d\u00edas complejos\u201d. Para hoy, se espera que el sistema frontal crezca y se intensifique a\u00fan m\u00e1s entre las regiones de Coquimbo y Biob\u00edo con hasta 100 mil\u00edmetros de agua ca\u00edda en solo un d\u00eda. En lo que refiere a la capital, Santiago, se esperan al menos 90 mil\u00edmetros de ca\u00edda de agua. As\u00ed se convertir\u00eda en el \u201csegundo evento m\u00e1s intenso de precipitaciones en 140 a\u00f1os de registro\u201d. Vale recordar, que Santiago es una de las capitales de la regi\u00f3n menos preparadas para este tipo de eventos luego de vivir m\u00e1s de 15 a\u00f1os de una fuerte sequ\u00eda.<\/p>\n","protected":false},"excerpt":{"rendered":"<p>Ya se vieron afectadas casi mil personas por las lluvias que golpean al sur y centro del pa\u00eds, mientras que unas 450 familias ya fueron evacuadas &nbsp; &nbsp; Unas m\u00e1s que intensas lluvias est\u00e1n causando estragos en el centro y sur de Chile, al punto tal que en las \u00faltimas horas el gobierno decidi\u00f3 decretar el estado de cat\u00e1strofe en la regi\u00f3n del Biob\u00edo, donde viven m\u00e1s de un mill\u00f3n y medio de personas. El ministro del Interior, Manuel Monsalve, fue el encargado de confirmar la noticia tras aclarar que&#8230;<\/p>\n","protected":false},"author":3,"featured_media":116114,"comment_status":"closed","ping_status":"closed","sticky":false,"template":"","format":"standard","meta":[],"categories":[4],"tags":[],"_links":{"self":[{"href":"https:\/\/www.actualidadadiario.com\/index.php\/wp-json\/wp\/v2\/posts\/116113"}],"collection":[{"href":"https:\/\/www.actualidadadiario.com\/index.php\/wp-json\/wp\/v2\/posts"}],"about":[{"href":"https:\/\/www.actualidadadiario.com\/index.php\/wp-json\/wp\/v2\/types\/post"}],"author":[{"embeddable":true,"href":"https:\/\/www.actualidadadiario.com\/index.php\/wp-json\/wp\/v2\/users\/3"}],"replies":[{"embeddable":true,"href":"https:\/\/www.actualidadadiario.com\/index.php\/wp-json\/wp\/v2\/comments?post=116113"}],"version-history":[{"count":1,"href":"https:\/\/www.actualidadadiario.com\/index.php\/wp-json\/wp\/v2\/posts\/116113\/revisions"}],"predecessor-version":[{"id":116115,"href":"https:\/\/www.actualidadadiario.com\/index.php\/wp-json\/wp\/v2\/posts\/116113\/revisions\/116115"}],"wp:featuredmedia":[{"embeddable":true,"href":"https:\/\/www.actualidadadiario.com\/index.php\/wp-json\/wp\/v2\/media\/116114"}],"wp:attachment":[{"href":"https:\/\/www.actualidadadiario.com\/index.php\/wp-json\/wp\/v2\/media?parent=116113"}],"wp:term":[{"taxonomy":"category","embeddable":true,"href":"https:\/\/www.actualidadadiario.com\/index.php\/wp-json\/wp\/v2\/categories?post=116113"},{"taxonomy":"post_tag","embeddable":true,"href":"https:\/\/www.actualidadadiario.com\/index.php\/wp-json\/wp\/v2\/tags?post=116113"}],"curies":[{"name":"wp","href":"https:\/\/api.w.org\/{rel}","templated":true}]}}