{"id":116107,"date":"2024-06-13T12:29:30","date_gmt":"2024-06-13T15:29:30","guid":{"rendered":"https:\/\/www.actualidadadiario.com\/?p=116107"},"modified":"2024-06-13T12:29:30","modified_gmt":"2024-06-13T15:29:30","slug":"no-deja-de-aumentar-la-cifra-de-personas-desplazadas-a-la-fuerza-en-todo-el-mundo","status":"publish","type":"post","link":"https:\/\/www.actualidadadiario.com\/index.php\/2024\/06\/13\/no-deja-de-aumentar-la-cifra-de-personas-desplazadas-a-la-fuerza-en-todo-el-mundo\/","title":{"rendered":"No deja de aumentar la cifra de personas desplazadas a la fuerza en todo el mundo"},"content":{"rendered":"<p style=\"text-align: center;\"><em><strong>A fines de abril de este a\u00f1o se registr\u00f3 el r\u00e9cord con unos 120 millones de desplazados, de acuerdo con un informe de la ACNUR<\/strong><\/em><\/p>\n<p>&nbsp;<\/p>\n<p>&nbsp;<\/p>\n<p>El mundo registr\u00f3 el r\u00e9cord de 120 millones de personas desplazadas a la fuerza a fines de abril de este a\u00f1o, una cifra que no deja de aumentar debido a las guerras, la violencia y las persecuciones, seg\u00fan inform\u00f3 la Agencia de la ONU para los Refugiados (ACNUR) en su informe anual.<\/p>\n<p>&#8220;La guerra sigue siendo el motor de los desplazamientos masivos&#8221;, explic\u00f3 el jefe de ACNUR, Filippo Grandi, en una rueda de prensa en Ginebra, en la que se\u00f1al\u00f3 que los desplazamientos forzados en el mundo aumentaron por 12\u00ba a\u00f1o consecutivo a ra\u00edz de los conflictos en Gaza, Sud\u00e1n y Birmania.<\/p>\n<p>El crecimiento de esta estad\u00edstica es acelerado: apenas unos meses antes, a fines de 2023, el n\u00famero de desplazados se situaba en 117,3, una cifra que ya superaba en diez millones la de 2022.<\/p>\n<p>Actualmente hay casi el triple de personas desplazadas que en 2012 y la cifra actual equivale a la poblaci\u00f3n de Jap\u00f3n, advirti\u00f3 el informe.<\/p>\n<p>&nbsp;<\/p>\n<p><strong>Regularizaci\u00f3n<\/strong><\/p>\n<p>Unos 23 millones de estas personas se encuentran en Am\u00e9rica, donde se producen &#8220;movimientos mixtos de personas refugiadas y migrantes sin precedentes en la regi\u00f3n, a menudo a lo largo de rutas mortalmente peligrosas&#8221;, informa la ACNUR.<\/p>\n<p>Sin embargo, la agencia destaca los avances en este continente en la adopci\u00f3n de &#8220;soluciones para garantizar la protecci\u00f3n, la regularizaci\u00f3n y la integraci\u00f3n de las personas en situaci\u00f3n de desplazamiento&#8221;.<\/p>\n<p>El informe menciona los casos de Brasil, Colombia, Per\u00fa y Ecuador que &#8220;est\u00e1n llevando a cabo vastos programas de regularizaci\u00f3n para personas refugiadas y migrantes vulnerables, garantizando la documentaci\u00f3n y el acceso a los servicios&#8221;.<\/p>\n<p>El director regional de ACNUR para las Am\u00e9ricas, Jos\u00e9 Samaniego, celebr\u00f3 la estrategia adoptada en muchos pa\u00edses &#8220;para abordar las causas profundas del desplazamiento en los pa\u00edses de origen, para responder a las necesidades humanitarias y de protecci\u00f3n de las personas en tr\u00e1nsito, y fortalecer la protecci\u00f3n, la inclusi\u00f3n y las soluciones en los pa\u00edses de destino y de retorno&#8221;.<\/p>\n<p>&nbsp;<\/p>\n<p><strong>Urgencia<\/strong><\/p>\n<p>Los datos de este informe muestran que el n\u00famero de venezolanos desplazados al extranjero aument\u00f3 en 2023 de 5,4 millones a 6,1 millones, en su gran mayor\u00eda en otros pa\u00edses latinoamericanos como Colombia, que acoge a 2,9 millones.<\/p>\n<p>Este repunte sit\u00faa a Venezuela como el tercer pa\u00eds con mayor n\u00famero de personas desplazadas al extranjero en el mundo, por detr\u00e1s de Afganist\u00e1n y Siria y superando a Ucrania.<\/p>\n<p>El aumento de crisis es palpable y el cambio clim\u00e1tico impacta en el desplazamiento de las poblaciones y en los conflictos, seg\u00fan Filippo Grandi.<\/p>\n<p>El a\u00f1o pasado, ACNUR declar\u00f3 43 situaciones de urgencia en 29 pa\u00edses, es decir, cuatro veces m\u00e1s de lo que era habitual hace unos a\u00f1os, insisti\u00f3 el responsable.<\/p>\n","protected":false},"excerpt":{"rendered":"<p>A fines de abril de este a\u00f1o se registr\u00f3 el r\u00e9cord con unos 120 millones de desplazados, de acuerdo con un informe de la ACNUR &nbsp; &nbsp; El mundo registr\u00f3 el r\u00e9cord de 120 millones de personas desplazadas a la fuerza a fines de abril de este a\u00f1o, una cifra que no deja de aumentar debido a las guerras, la violencia y las persecuciones, seg\u00fan inform\u00f3 la Agencia de la ONU para los Refugiados (ACNUR) en su informe anual. &#8220;La guerra sigue siendo el motor de los desplazamientos masivos&#8221;, explic\u00f3&#8230;<\/p>\n","protected":false},"author":3,"featured_media":116108,"comment_status":"closed","ping_status":"closed","sticky":false,"template":"","format":"standard","meta":[],"categories":[4],"tags":[],"_links":{"self":[{"href":"https:\/\/www.actualidadadiario.com\/index.php\/wp-json\/wp\/v2\/posts\/116107"}],"collection":[{"href":"https:\/\/www.actualidadadiario.com\/index.php\/wp-json\/wp\/v2\/posts"}],"about":[{"href":"https:\/\/www.actualidadadiario.com\/index.php\/wp-json\/wp\/v2\/types\/post"}],"author":[{"embeddable":true,"href":"https:\/\/www.actualidadadiario.com\/index.php\/wp-json\/wp\/v2\/users\/3"}],"replies":[{"embeddable":true,"href":"https:\/\/www.actualidadadiario.com\/index.php\/wp-json\/wp\/v2\/comments?post=116107"}],"version-history":[{"count":1,"href":"https:\/\/www.actualidadadiario.com\/index.php\/wp-json\/wp\/v2\/posts\/116107\/revisions"}],"predecessor-version":[{"id":116109,"href":"https:\/\/www.actualidadadiario.com\/index.php\/wp-json\/wp\/v2\/posts\/116107\/revisions\/116109"}],"wp:featuredmedia":[{"embeddable":true,"href":"https:\/\/www.actualidadadiario.com\/index.php\/wp-json\/wp\/v2\/media\/116108"}],"wp:attachment":[{"href":"https:\/\/www.actualidadadiario.com\/index.php\/wp-json\/wp\/v2\/media?parent=116107"}],"wp:term":[{"taxonomy":"category","embeddable":true,"href":"https:\/\/www.actualidadadiario.com\/index.php\/wp-json\/wp\/v2\/categories?post=116107"},{"taxonomy":"post_tag","embeddable":true,"href":"https:\/\/www.actualidadadiario.com\/index.php\/wp-json\/wp\/v2\/tags?post=116107"}],"curies":[{"name":"wp","href":"https:\/\/api.w.org\/{rel}","templated":true}]}}