{"id":116099,"date":"2024-06-13T12:12:58","date_gmt":"2024-06-13T15:12:58","guid":{"rendered":"https:\/\/www.actualidadadiario.com\/?p=116099"},"modified":"2024-06-13T12:12:58","modified_gmt":"2024-06-13T15:12:58","slug":"diputados-comenzara-el-debate-para-declarar-a-la-educacion-como-servicio-esencial","status":"publish","type":"post","link":"https:\/\/www.actualidadadiario.com\/index.php\/2024\/06\/13\/diputados-comenzara-el-debate-para-declarar-a-la-educacion-como-servicio-esencial\/","title":{"rendered":"Diputados comenzar\u00e1 el debate para declarar a la educaci\u00f3n como servicio esencial"},"content":{"rendered":"<p style=\"text-align: center;\"><em><strong>De aprobarse, pasar\u00eda a tener estatus de servicio esencial como los hospitales, distribuci\u00f3n de agua potable, energ\u00eda, gas y control del tr\u00e1fico a\u00e9reo<\/strong><\/em><\/p>\n<p>&nbsp;<\/p>\n<p>&nbsp;<\/p>\n<p>La C\u00e1mara de Diputados comenzar\u00e1 el jueves con el debate para declarar la educaci\u00f3n como servicio estrat\u00e9gico esencial, con el fin de que las medidas de acci\u00f3n sindical no pongan en jaque la continuidad del dictado de clases en los establecimientos educativos en todos los ciclos obligatorios.<\/p>\n<p>Iniciar\u00e1 a las 14, en una reuni\u00f3n informativa de la comisi\u00f3n de Educaci\u00f3n presidida por el diputado del PRO Alejandro Finocchiaro, quien justamente es el autor de una de las iniciativas vinculadas a la esencialidad educativa.<\/p>\n<p>Adem\u00e1s de la comisi\u00f3n de Educaci\u00f3n, los proyectos en cuesti\u00f3n tienen giro a las comisiones de Trabajo, Legislaci\u00f3n General y Asuntos Constitucionales.<\/p>\n<p>De esta manera, la propuesta de Finocchiaro, presentada en marzo pasado, busca &#8221;declarar la Educaci\u00f3n como Servicio Estrat\u00e9gico Esencial en todos los niveles y modalidades comprendidos en la obligatoriedad escolar, para garantizar la protecci\u00f3n y promoci\u00f3n integral de los derechos de ni\u00f1os, ni\u00f1as y adolescentes en el cumplimiento efectivo del ciclo lectivo completo&#8221;.<\/p>\n<p>El sistema formal de educaci\u00f3n, desde el nivel inicial hasta la escuela media, pasar\u00eda a tener estatus de servicio esencial de la misma manera que la actividad de hospitales, distribuci\u00f3n de agua potable, energ\u00eda, gas y control del tr\u00e1fico a\u00e9reo.<\/p>\n<p>El proyecto del ex ministro de Educaci\u00f3n de Cambiemos dispone la creaci\u00f3n de guardias m\u00ednimas que deben ser garantizadas por una dotaci\u00f3n m\u00ednima del 50% de la n\u00f3mina de cada establecimiento, incluyendo docentes, directivos y auxiliares.<\/p>\n<p>&nbsp;<\/p>\n<p><strong>Recuperar los d\u00edas perdidos<\/strong><\/p>\n<p>Por otra parte, la iniciativa prev\u00e9 que en caso de inclemencias clim\u00e1ticas, fallas edilicias graves o cualquier imponderable que impida la apertura de los establecimientos educativos, se deba recuperar los d\u00edas perdidos con dictado de clases durante las vacaciones de invierno o en diciembre.<\/p>\n<p>La Uni\u00f3n C\u00edvica Radical, la Coalici\u00f3n C\u00edvica y sectores de Hacemos Coalici\u00f3n Federal y de La Libertad Avanza est\u00e1n de acuerdo con declarar la esencialidad educativa.<\/p>\n<p>La UCR, por caso, incluy\u00f3 la esencialidad educativa como un cap\u00edtulo en el dictamen sobre la restituci\u00f3n del Fondo Nacional de Incentivo Docente (FONID), aunque con una modalidad de progresividad en la dotaci\u00f3n m\u00ednima de trabajadores que deben garantizar la apertura de las escuelas (30% en medidas de fuerza de hasta 48 horas, 50% entre las 48 horas y los cinco d\u00edas y del 70% cuando una huelga docente supere los cinco d\u00edas de duraci\u00f3n).<\/p>\n","protected":false},"excerpt":{"rendered":"<p>De aprobarse, pasar\u00eda a tener estatus de servicio esencial como los hospitales, distribuci\u00f3n de agua potable, energ\u00eda, gas y control del tr\u00e1fico a\u00e9reo &nbsp; &nbsp; La C\u00e1mara de Diputados comenzar\u00e1 el jueves con el debate para declarar la educaci\u00f3n como servicio estrat\u00e9gico esencial, con el fin de que las medidas de acci\u00f3n sindical no pongan en jaque la continuidad del dictado de clases en los establecimientos educativos en todos los ciclos obligatorios. Iniciar\u00e1 a las 14, en una reuni\u00f3n informativa de la comisi\u00f3n de Educaci\u00f3n presidida por el diputado del&#8230;<\/p>\n","protected":false},"author":3,"featured_media":114885,"comment_status":"closed","ping_status":"closed","sticky":false,"template":"","format":"standard","meta":[],"categories":[18],"tags":[],"_links":{"self":[{"href":"https:\/\/www.actualidadadiario.com\/index.php\/wp-json\/wp\/v2\/posts\/116099"}],"collection":[{"href":"https:\/\/www.actualidadadiario.com\/index.php\/wp-json\/wp\/v2\/posts"}],"about":[{"href":"https:\/\/www.actualidadadiario.com\/index.php\/wp-json\/wp\/v2\/types\/post"}],"author":[{"embeddable":true,"href":"https:\/\/www.actualidadadiario.com\/index.php\/wp-json\/wp\/v2\/users\/3"}],"replies":[{"embeddable":true,"href":"https:\/\/www.actualidadadiario.com\/index.php\/wp-json\/wp\/v2\/comments?post=116099"}],"version-history":[{"count":1,"href":"https:\/\/www.actualidadadiario.com\/index.php\/wp-json\/wp\/v2\/posts\/116099\/revisions"}],"predecessor-version":[{"id":116100,"href":"https:\/\/www.actualidadadiario.com\/index.php\/wp-json\/wp\/v2\/posts\/116099\/revisions\/116100"}],"wp:featuredmedia":[{"embeddable":true,"href":"https:\/\/www.actualidadadiario.com\/index.php\/wp-json\/wp\/v2\/media\/114885"}],"wp:attachment":[{"href":"https:\/\/www.actualidadadiario.com\/index.php\/wp-json\/wp\/v2\/media?parent=116099"}],"wp:term":[{"taxonomy":"category","embeddable":true,"href":"https:\/\/www.actualidadadiario.com\/index.php\/wp-json\/wp\/v2\/categories?post=116099"},{"taxonomy":"post_tag","embeddable":true,"href":"https:\/\/www.actualidadadiario.com\/index.php\/wp-json\/wp\/v2\/tags?post=116099"}],"curies":[{"name":"wp","href":"https:\/\/api.w.org\/{rel}","templated":true}]}}