{"id":116097,"date":"2024-06-13T12:12:18","date_gmt":"2024-06-13T15:12:18","guid":{"rendered":"https:\/\/www.actualidadadiario.com\/?p=116097"},"modified":"2024-06-13T12:12:18","modified_gmt":"2024-06-13T15:12:18","slug":"el-gobierno-declaro-la-emergencia-ferroviaria-por-dos-anos","status":"publish","type":"post","link":"https:\/\/www.actualidadadiario.com\/index.php\/2024\/06\/13\/el-gobierno-declaro-la-emergencia-ferroviaria-por-dos-anos\/","title":{"rendered":"El Gobierno declar\u00f3 la emergencia ferroviaria por dos a\u00f1os"},"content":{"rendered":"<p style=\"text-align: center;\"><strong><em>Alcanza a la administraci\u00f3n, mantenimiento de la infraestructura y operaci\u00f3n de los servicios. Puede haber cambios en las condiciones laborales<\/em><\/strong><\/p>\n<p>&nbsp;<\/p>\n<p>&nbsp;<\/p>\n<p>El Gobierno nacional declar\u00f3 hoy por dos a\u00f1os la emergencia ferroviaria que alcanza a la administraci\u00f3n, mantenimiento y operaci\u00f3n de los servicios para lo cual se asign\u00f3 una partida de $ 1,3 billones.<\/p>\n<p>La decisi\u00f3n se oficializ\u00f3 hoy a trav\u00e9s de la publicaci\u00f3n del Decreto 525\/2024 firmado por el presidente Javier Milei.<\/p>\n<p>El sistema ferroviario qued\u00f3 dentro del paquete privatizaciones que vot\u00f3 el Congreso Nacional.<\/p>\n<p>\u201cEsta herramienta permitir\u00e1 que el Gobierno Nacional avance en acciones necesarias para poder mejorar las condiciones de seguridad operativa en los servicios ferroviarios a trav\u00e9s de la renovaci\u00f3n de la infraestructura\u201d, se\u00f1al\u00f3 un comunicado de la Secretar\u00eda de Transporte.<\/p>\n<p>El decreto establece la asignaci\u00f3n de $ $1.293.780.000.000 para las inversiones necesarias para mejorar las condiciones de seguridad operativa.<\/p>\n<p>Adem\u00e1s se facultar\u00e1 a las empresas ferroviarias a renegociar las deudas y contratos heredados por la gesti\u00f3n anterior para destinar dichos recursos a la seguridad operativa.<\/p>\n<p>La declaraci\u00f3n abarca los servicios de transporte de pasajeros y cargas de jurisdicci\u00f3n nacional y\u00a0 comprende la totalidad de las actividades inherentes a la administraci\u00f3n y mantenimiento de la infraestructura ferroviaria, as\u00ed como la operaci\u00f3n de los servicios ferroviarios en la Red Ferroviaria Nacional.<\/p>\n<p>\u201cEste decreto insta a priorizar la seguridad operativa de sistema ferroviario y exige a las empresas del sector a implementar una priorizaci\u00f3n de las necesidades m\u00e1s urgentes en materia de infraestructura, como as\u00ed tambi\u00e9n en cuanto a las contrataciones necesarias para revertir la situaci\u00f3n de emergencia vigente\u201d, indicaron desde Transporte.<\/p>\n<p>El parte oficial subray\u00f3 que \u201cla medida tiene por objetivo orientar el destino de los fondos p\u00fablicos asignados a maximizar las inversiones y los recursos empleados para la prestaci\u00f3n de un servicio ferroviario en condiciones de eficiencia y seguridad\u201d.<\/p>\n<p>\u201cPara la lograr dichos objetivos, y a\u00fan ante las dificultades econ\u00f3micas que atraviesa el pa\u00eds, se ha dispuesto un refuerzo presupuestario para recuperar el sistema ferroviario\u201d, a\u00f1adi\u00f3 la Secretar\u00eda.<\/p>\n<p>El decreto designa como autoridad de aplicaci\u00f3n de la emergencia ferroviaria a la Secretar\u00eda de Transporte, la cual deber\u00e1 elaborar un plan de acci\u00f3n, dentro del t\u00e9rmino de los 15 d\u00edas, con las medidas indispensables y urgentes a tomar.<\/p>\n<p>Para ello, las empresas ferroviarias que dependen de la Secretar\u00eda de Transporte deber\u00e1n, en sus propuestas, efectuar un esquema de priorizaci\u00f3n de obras, trabajos, capacitaciones y contrataciones, detallando una breve descripci\u00f3n de las mismas, plazo de ejecuci\u00f3n, estimaciones presupuestarias, factibilidad de fuente de financiamiento, condiciones de mantenimiento y seguridad.<\/p>\n<p>A su vez se indic\u00f3 que, en caso de ser necesario, se deber\u00e1n realizar\u00a0 \u201clas adecuaciones de las condiciones laborales de sus trabajadores mediante negociaciones con las representaciones sindicales\u201d.<\/p>\n","protected":false},"excerpt":{"rendered":"<p>Alcanza a la administraci\u00f3n, mantenimiento de la infraestructura y operaci\u00f3n de los servicios. Puede haber cambios en las condiciones laborales &nbsp; &nbsp; El Gobierno nacional declar\u00f3 hoy por dos a\u00f1os la emergencia ferroviaria que alcanza a la administraci\u00f3n, mantenimiento y operaci\u00f3n de los servicios para lo cual se asign\u00f3 una partida de $ 1,3 billones. La decisi\u00f3n se oficializ\u00f3 hoy a trav\u00e9s de la publicaci\u00f3n del Decreto 525\/2024 firmado por el presidente Javier Milei. El sistema ferroviario qued\u00f3 dentro del paquete privatizaciones que vot\u00f3 el Congreso Nacional. \u201cEsta herramienta permitir\u00e1&#8230;<\/p>\n","protected":false},"author":3,"featured_media":90871,"comment_status":"closed","ping_status":"closed","sticky":false,"template":"","format":"standard","meta":[],"categories":[18],"tags":[],"_links":{"self":[{"href":"https:\/\/www.actualidadadiario.com\/index.php\/wp-json\/wp\/v2\/posts\/116097"}],"collection":[{"href":"https:\/\/www.actualidadadiario.com\/index.php\/wp-json\/wp\/v2\/posts"}],"about":[{"href":"https:\/\/www.actualidadadiario.com\/index.php\/wp-json\/wp\/v2\/types\/post"}],"author":[{"embeddable":true,"href":"https:\/\/www.actualidadadiario.com\/index.php\/wp-json\/wp\/v2\/users\/3"}],"replies":[{"embeddable":true,"href":"https:\/\/www.actualidadadiario.com\/index.php\/wp-json\/wp\/v2\/comments?post=116097"}],"version-history":[{"count":1,"href":"https:\/\/www.actualidadadiario.com\/index.php\/wp-json\/wp\/v2\/posts\/116097\/revisions"}],"predecessor-version":[{"id":116098,"href":"https:\/\/www.actualidadadiario.com\/index.php\/wp-json\/wp\/v2\/posts\/116097\/revisions\/116098"}],"wp:featuredmedia":[{"embeddable":true,"href":"https:\/\/www.actualidadadiario.com\/index.php\/wp-json\/wp\/v2\/media\/90871"}],"wp:attachment":[{"href":"https:\/\/www.actualidadadiario.com\/index.php\/wp-json\/wp\/v2\/media?parent=116097"}],"wp:term":[{"taxonomy":"category","embeddable":true,"href":"https:\/\/www.actualidadadiario.com\/index.php\/wp-json\/wp\/v2\/categories?post=116097"},{"taxonomy":"post_tag","embeddable":true,"href":"https:\/\/www.actualidadadiario.com\/index.php\/wp-json\/wp\/v2\/tags?post=116097"}],"curies":[{"name":"wp","href":"https:\/\/api.w.org\/{rel}","templated":true}]}}