{"id":116092,"date":"2024-06-13T12:11:01","date_gmt":"2024-06-13T15:11:01","guid":{"rendered":"https:\/\/www.actualidadadiario.com\/?p=116092"},"modified":"2024-06-13T12:11:01","modified_gmt":"2024-06-13T15:11:01","slug":"cristina-apunto-contra-dos-senadores-peronistas-que-votaron-a-favor-de-la-ley-bases","status":"publish","type":"post","link":"https:\/\/www.actualidadadiario.com\/index.php\/2024\/06\/13\/cristina-apunto-contra-dos-senadores-peronistas-que-votaron-a-favor-de-la-ley-bases\/","title":{"rendered":"Cristina apunt\u00f3 contra dos senadores peronistas que votaron a favor de la Ley Bases"},"content":{"rendered":"<p style=\"text-align: center;\"><em><strong>El Senado aprob\u00f3 la Ley Bases con el desempate de Victoria Villarruel y Cristina Kirchner comparti\u00f3 en redes una cr\u00edtica a los senadores peronistas que apoyaron el proyecto<\/strong><\/em><\/p>\n<p>&nbsp;<\/p>\n<p>&nbsp;<\/p>\n<p>El extenso debate en el Senado dej\u00f3 un empate entre los legisladores, por lo que Victoria Villarruel tuvo que votar en su calidad de titular de la C\u00e1mara Alta. As\u00ed, la Ley Bases fue aprobada y ser\u00e1 tratada en Diputados. Sin embargo, dos votos peronistas cambiaron todo el tablero de juego.<\/p>\n<p>Los 33 senadores del Frente de Todos votaron en contra de la Ley Bases y del paquete fiscal, excepto dos: el correntino Carlos \u201cCamau\u201d Esp\u00ednola y el entrerriano Edgardo Kueider. Cristina Kirchner los expuso en las redes sociales.<\/p>\n<p>&nbsp;<\/p>\n<p><strong>Los senadores peronistas que votaron a favor de la Ley Bases<\/strong><\/p>\n<p>La expresidenta reposte\u00f3 una imagen de la boleta del Frente de Todos en la que aparecen las fotos de Esp\u00ednola y Kueider, junto a sus respectivas compa\u00f1eras de lista, con la leyenda: &#8220;Si hubiera sido al rev\u00e9s, las senadoras ser\u00edan las compa\u00f1eras Stefania Cora y Ana Almir\u00f3n, y no estar\u00edamos rogando para que no voten por la entrega de la Patria\u2026&#8221;<\/p>\n<p>Esp\u00ednola fue secretario de Deportes durante el segundo mandato de Cristina, mientras que Kueider es el \u00fanico representante de Entre R\u00edos en la C\u00e1mara de Senadores.<\/p>\n<p>Ambos ingresaron al Congreso por el Frente de Todos, pero abandonaron ese espacio en febrero del a\u00f1o pasado y formaron el bloque Unidad Federal, junto a Alejandra Vigo, esposa del exgobernador de C\u00f3rdoba, Juan Schiaretti.<\/p>\n","protected":false},"excerpt":{"rendered":"<p>El Senado aprob\u00f3 la Ley Bases con el desempate de Victoria Villarruel y Cristina Kirchner comparti\u00f3 en redes una cr\u00edtica a los senadores peronistas que apoyaron el proyecto &nbsp; &nbsp; El extenso debate en el Senado dej\u00f3 un empate entre los legisladores, por lo que Victoria Villarruel tuvo que votar en su calidad de titular de la C\u00e1mara Alta. As\u00ed, la Ley Bases fue aprobada y ser\u00e1 tratada en Diputados. Sin embargo, dos votos peronistas cambiaron todo el tablero de juego. Los 33 senadores del Frente de Todos votaron en&#8230;<\/p>\n","protected":false},"author":3,"featured_media":116093,"comment_status":"closed","ping_status":"closed","sticky":false,"template":"","format":"standard","meta":[],"categories":[18],"tags":[],"_links":{"self":[{"href":"https:\/\/www.actualidadadiario.com\/index.php\/wp-json\/wp\/v2\/posts\/116092"}],"collection":[{"href":"https:\/\/www.actualidadadiario.com\/index.php\/wp-json\/wp\/v2\/posts"}],"about":[{"href":"https:\/\/www.actualidadadiario.com\/index.php\/wp-json\/wp\/v2\/types\/post"}],"author":[{"embeddable":true,"href":"https:\/\/www.actualidadadiario.com\/index.php\/wp-json\/wp\/v2\/users\/3"}],"replies":[{"embeddable":true,"href":"https:\/\/www.actualidadadiario.com\/index.php\/wp-json\/wp\/v2\/comments?post=116092"}],"version-history":[{"count":1,"href":"https:\/\/www.actualidadadiario.com\/index.php\/wp-json\/wp\/v2\/posts\/116092\/revisions"}],"predecessor-version":[{"id":116094,"href":"https:\/\/www.actualidadadiario.com\/index.php\/wp-json\/wp\/v2\/posts\/116092\/revisions\/116094"}],"wp:featuredmedia":[{"embeddable":true,"href":"https:\/\/www.actualidadadiario.com\/index.php\/wp-json\/wp\/v2\/media\/116093"}],"wp:attachment":[{"href":"https:\/\/www.actualidadadiario.com\/index.php\/wp-json\/wp\/v2\/media?parent=116092"}],"wp:term":[{"taxonomy":"category","embeddable":true,"href":"https:\/\/www.actualidadadiario.com\/index.php\/wp-json\/wp\/v2\/categories?post=116092"},{"taxonomy":"post_tag","embeddable":true,"href":"https:\/\/www.actualidadadiario.com\/index.php\/wp-json\/wp\/v2\/tags?post=116092"}],"curies":[{"name":"wp","href":"https:\/\/api.w.org\/{rel}","templated":true}]}}