{"id":116090,"date":"2024-06-13T12:09:58","date_gmt":"2024-06-13T15:09:58","guid":{"rendered":"https:\/\/www.actualidadadiario.com\/?p=116090"},"modified":"2024-06-13T12:09:58","modified_gmt":"2024-06-13T15:09:58","slug":"guillermo-francos-anticipo-que-el-pacto-de-mayo-se-firmara-el-9-de-julio-en-tucuman","status":"publish","type":"post","link":"https:\/\/www.actualidadadiario.com\/index.php\/2024\/06\/13\/guillermo-francos-anticipo-que-el-pacto-de-mayo-se-firmara-el-9-de-julio-en-tucuman\/","title":{"rendered":"Guillermo Francos anticip\u00f3 que el Pacto de Mayo se firmar\u00e1 el 9 de julio en Tucum\u00e1n"},"content":{"rendered":"<p style=\"text-align: center;\"><em><strong>El jefe de Gabinete celebr\u00f3 la sanci\u00f3n de la Ley Bases y revel\u00f3 que el oficialismo insistir\u00e1 en Diputados con la sanci\u00f3n del Impuesto a las Ganancias y a los Bienes Personales<\/strong><\/em><\/p>\n<p>&nbsp;<\/p>\n<p>&nbsp;<\/p>\n<p>El jefe de Gabinete, Guillermo Francos, celebr\u00f3 la aprobaci\u00f3n de la Ley Bases y el Paquete Fiscal en el Senado y anticip\u00f3 que el Pacto de Mayo finalmente se concretar\u00e1 el pr\u00f3ximo 9 de julio en la provincia de Tucum\u00e1n. \u201cSi me preguntaran lo har\u00eda el 9 de julio en Tucum\u00e1n, el D\u00eda de la Independencia\u201d, sostuvo el ministro coordinador.<\/p>\n<p>\u201cEl Pacto de Mayo naci\u00f3 para ser en mayo, pero como advirti\u00f3 el Presidente, podemos esperar a junio o a julio\u201d, aclar\u00f3, y agreg\u00f3: \u201cCon estas leyes nos hemos independizado de un grup\u00fasculo pol\u00edtico que ha generado un impacto en la econom\u00eda, en la sociedad y en la Argentina durante los \u00faltimos a\u00f1os que queremos dejar atr\u00e1s\u201d.<\/p>\n<p>Asimismo, explic\u00f3 que la elecci\u00f3n de la provincia de Tucum\u00e1n responde a un gesto en retribuci\u00f3n al trabajo del gobernador peronista Osvaldo Jaldo, al que destac\u00f3 por haber colaborado con el oficialismo \u201ca pesar de ser de otro color pol\u00edtico\u201d.<\/p>\n<p>Por otra parte, Francos festej\u00f3 el respaldo de la ley en la que trabaja desde hace meses, y anticip\u00f3 que el oficialismo insistir\u00e1 en la C\u00e1mara de Diputados con la sanci\u00f3n del Impuesto a las Ganancias y a los Bienes Personales. \u201cEs una ley que tuvo modificaciones, pero en eso vamos a insistir\u201d, prometi\u00f3.<\/p>\n<p>El titular de ministros explic\u00f3 adem\u00e1s que los art\u00edculos que no sean aprobado ser\u00e1n enviados en futuros proyectos particulares m\u00e1s adelantes, y cont\u00f3 que por la tarde recibir\u00e1 a los jefes de los bloques de Diputados dialoguistas.<\/p>\n<p>\u201cEs emblem\u00e1tico haber dado una muestra de que una fuerza tan minoritaria en ambas c\u00e1maras puede lograr la sanci\u00f3n de una Ley tan importante. Es demostrar que tenemos recursos en ambas c\u00e1maras para lograr la transformaci\u00f3n de la Argentina\u201d, puntualiz\u00f3.<\/p>\n<p>&nbsp;<\/p>\n<p><strong>El clima de tensi\u00f3n fuera del Congreso<\/strong><\/p>\n<p>En otro pasaje de la entrevista y tras los episodios de violencia que tuvieron lugar afuera del recinto en horas del debate de la Ley Bases, el exministro del Interior pidi\u00f3 identificar a los grupos que rompieron las inmediaciones del Congreso e incendiaron autos para ponerlos a disposici\u00f3n de la justicia. Adem\u00e1s, vincul\u00f3 el pol\u00e9mico accionar a los discursos del kirchnerismo.<\/p>\n<p>\u201cNo tengo dudas que hay vinculaciones y movilizaciones que son incitadas por la violencia que genera posiciones intransigentes de sectores del kirchnerismo. Ve\u00eda la soberbia con la que se expresaban los senadores kirchneristas. Estaba claro que quer\u00edan demorar la sesi\u00f3n\u201d, afirm\u00f3.<\/p>\n<p>Por \u00faltimo, en un mensaje a la oposici\u00f3n plante\u00f3 que \u201cquienes esperan que se pueda generar un golpe institucional van a tener que esperar sentados porque no va a pasar\u201d, y concluy\u00f3: &#8220;La vocaci\u00f3n y valent\u00eda con la que se expresa el Presidente auguran que no va a ser f\u00e1cil, por m\u00e1s minor\u00eda parlamentaria, voltear el Gobierno. Solo advertimos\u201d.<\/p>\n","protected":false},"excerpt":{"rendered":"<p>El jefe de Gabinete celebr\u00f3 la sanci\u00f3n de la Ley Bases y revel\u00f3 que el oficialismo insistir\u00e1 en Diputados con la sanci\u00f3n del Impuesto a las Ganancias y a los Bienes Personales &nbsp; &nbsp; El jefe de Gabinete, Guillermo Francos, celebr\u00f3 la aprobaci\u00f3n de la Ley Bases y el Paquete Fiscal en el Senado y anticip\u00f3 que el Pacto de Mayo finalmente se concretar\u00e1 el pr\u00f3ximo 9 de julio en la provincia de Tucum\u00e1n. \u201cSi me preguntaran lo har\u00eda el 9 de julio en Tucum\u00e1n, el D\u00eda de la Independencia\u201d,&#8230;<\/p>\n","protected":false},"author":3,"featured_media":115355,"comment_status":"closed","ping_status":"closed","sticky":false,"template":"","format":"standard","meta":[],"categories":[18],"tags":[],"_links":{"self":[{"href":"https:\/\/www.actualidadadiario.com\/index.php\/wp-json\/wp\/v2\/posts\/116090"}],"collection":[{"href":"https:\/\/www.actualidadadiario.com\/index.php\/wp-json\/wp\/v2\/posts"}],"about":[{"href":"https:\/\/www.actualidadadiario.com\/index.php\/wp-json\/wp\/v2\/types\/post"}],"author":[{"embeddable":true,"href":"https:\/\/www.actualidadadiario.com\/index.php\/wp-json\/wp\/v2\/users\/3"}],"replies":[{"embeddable":true,"href":"https:\/\/www.actualidadadiario.com\/index.php\/wp-json\/wp\/v2\/comments?post=116090"}],"version-history":[{"count":1,"href":"https:\/\/www.actualidadadiario.com\/index.php\/wp-json\/wp\/v2\/posts\/116090\/revisions"}],"predecessor-version":[{"id":116091,"href":"https:\/\/www.actualidadadiario.com\/index.php\/wp-json\/wp\/v2\/posts\/116090\/revisions\/116091"}],"wp:featuredmedia":[{"embeddable":true,"href":"https:\/\/www.actualidadadiario.com\/index.php\/wp-json\/wp\/v2\/media\/115355"}],"wp:attachment":[{"href":"https:\/\/www.actualidadadiario.com\/index.php\/wp-json\/wp\/v2\/media?parent=116090"}],"wp:term":[{"taxonomy":"category","embeddable":true,"href":"https:\/\/www.actualidadadiario.com\/index.php\/wp-json\/wp\/v2\/categories?post=116090"},{"taxonomy":"post_tag","embeddable":true,"href":"https:\/\/www.actualidadadiario.com\/index.php\/wp-json\/wp\/v2\/tags?post=116090"}],"curies":[{"name":"wp","href":"https:\/\/api.w.org\/{rel}","templated":true}]}}