{"id":116056,"date":"2024-06-13T10:52:05","date_gmt":"2024-06-13T13:52:05","guid":{"rendered":"https:\/\/www.actualidadadiario.com\/?p=116056"},"modified":"2024-06-13T12:05:02","modified_gmt":"2024-06-13T15:05:02","slug":"milei-firmo-un-decreto-sobre-salto-grande-y-kueider-fue-uno-de-los-senadores-que-dio-quorum-para-la-ley-bases","status":"publish","type":"post","link":"https:\/\/www.actualidadadiario.com\/index.php\/2024\/06\/13\/milei-firmo-un-decreto-sobre-salto-grande-y-kueider-fue-uno-de-los-senadores-que-dio-quorum-para-la-ley-bases\/","title":{"rendered":"El Gobierno recompens\u00f3 a Entre R\u00edos tras el voto clave de Kueider"},"content":{"rendered":"<p style=\"text-align: center;\"><em><strong>Este jueves, mientras se ratificaba el proyecto en el Senado, se public\u00f3 un decreto que le da mayor peso a un distrito en la comisi\u00f3n t\u00e9cnica mixta de una importante represa<\/strong><\/em><\/p>\n<p>&nbsp;<\/p>\n<p>&nbsp;<\/p>\n<p>El Gobierno public\u00f3 un decreto este jueves, mientras se aprobaba la Ley Bases en el Senado, que le da el control de la Central Hidroel\u00e9ctrica Salto Grande a la provincia de Entre R\u00edos. La decisi\u00f3n coincide con el voto favorable al proyecto oficialista del senador peronista entrerriano Edgardo Kueider.<\/p>\n<p>Kueider, quien ingres\u00f3 a la c\u00e1mara alta en 2019 en la boleta del Frente de Todos y rompi\u00f3 en febrero 2023 para conformar el bloque Unidad Federal, fue una de las firmas clave para conseguir el dictamen y luego aport\u00f3 su voto en el recinto para la aprobaci\u00f3n del proyecto.<\/p>\n<p>En la madrugada del jueves, mientras continuaba la sesi\u00f3n en el Senado, se public\u00f3 en el Bolet\u00edn Oficial el Decreto 523\/2024, que da a la provincia de Entre R\u00edos los tres integrantes de la delegaci\u00f3n argentina en la comisi\u00f3n t\u00e9cnica mixta de la represa hidroel\u00e9ctrica Salto Grande, ubicada sobre el r\u00edo Uruguay, entre las localidades de Concordia y Salto, en Argentina y Uruguay, respectivamente.<\/p>\n<p>Antes de la modificaci\u00f3n, la normativa establec\u00eda que la delegaci\u00f3n argentina estar\u00eda compuesta por dos integrantes propuestos por el antiguo Ministerio de Planificaci\u00f3n Federal y un presidente en representaci\u00f3n del Ministerio de Relaciones Exteriores.<\/p>\n<p>Cuando se conoci\u00f3 la noticia de la negociaci\u00f3n en los d\u00edas previos al debate en el Senado, estallaron las cr\u00edticas en Entre R\u00edos. Guillermo Michel, extitular de Aduanas y referente del peronismo entrerriano, se\u00f1al\u00f3 que fue un trato in\u00fatil, ya que un acuerdo preexistente le daba esos integrantes de la comisi\u00f3n mixta a la provincia.<\/p>\n<p>&#8220;Lo que supuestamente &#8216;consigui\u00f3&#8217; nuestra provincia es algo que ya tenemos los entrerrianos como derecho adquirido por ley&#8221;, escribi\u00f3, enojado, en su cuenta de X. Seg\u00fan explic\u00f3, la Ley 24.954 de &#8216;Aprovechamiento hidroel\u00e9ctrico de Salto Grande&#8217; de 1998 ya dispon\u00eda a las tres personas propuestas por el ejecutivo de Entre R\u00edos. &#8220;Lo que se dice, una gran negociaci\u00f3n&#8221;, ironiz\u00f3.<\/p>\n","protected":false},"excerpt":{"rendered":"<p>Este jueves, mientras se ratificaba el proyecto en el Senado, se public\u00f3 un decreto que le da mayor peso a un distrito en la comisi\u00f3n t\u00e9cnica mixta de una importante represa &nbsp; &nbsp; El Gobierno public\u00f3 un decreto este jueves, mientras se aprobaba la Ley Bases en el Senado, que le da el control de la Central Hidroel\u00e9ctrica Salto Grande a la provincia de Entre R\u00edos. La decisi\u00f3n coincide con el voto favorable al proyecto oficialista del senador peronista entrerriano Edgardo Kueider. Kueider, quien ingres\u00f3 a la c\u00e1mara alta en&#8230;<\/p>\n","protected":false},"author":3,"featured_media":116057,"comment_status":"closed","ping_status":"closed","sticky":false,"template":"","format":"standard","meta":[],"categories":[9],"tags":[],"_links":{"self":[{"href":"https:\/\/www.actualidadadiario.com\/index.php\/wp-json\/wp\/v2\/posts\/116056"}],"collection":[{"href":"https:\/\/www.actualidadadiario.com\/index.php\/wp-json\/wp\/v2\/posts"}],"about":[{"href":"https:\/\/www.actualidadadiario.com\/index.php\/wp-json\/wp\/v2\/types\/post"}],"author":[{"embeddable":true,"href":"https:\/\/www.actualidadadiario.com\/index.php\/wp-json\/wp\/v2\/users\/3"}],"replies":[{"embeddable":true,"href":"https:\/\/www.actualidadadiario.com\/index.php\/wp-json\/wp\/v2\/comments?post=116056"}],"version-history":[{"count":2,"href":"https:\/\/www.actualidadadiario.com\/index.php\/wp-json\/wp\/v2\/posts\/116056\/revisions"}],"predecessor-version":[{"id":116081,"href":"https:\/\/www.actualidadadiario.com\/index.php\/wp-json\/wp\/v2\/posts\/116056\/revisions\/116081"}],"wp:featuredmedia":[{"embeddable":true,"href":"https:\/\/www.actualidadadiario.com\/index.php\/wp-json\/wp\/v2\/media\/116057"}],"wp:attachment":[{"href":"https:\/\/www.actualidadadiario.com\/index.php\/wp-json\/wp\/v2\/media?parent=116056"}],"wp:term":[{"taxonomy":"category","embeddable":true,"href":"https:\/\/www.actualidadadiario.com\/index.php\/wp-json\/wp\/v2\/categories?post=116056"},{"taxonomy":"post_tag","embeddable":true,"href":"https:\/\/www.actualidadadiario.com\/index.php\/wp-json\/wp\/v2\/tags?post=116056"}],"curies":[{"name":"wp","href":"https:\/\/api.w.org\/{rel}","templated":true}]}}