{"id":116054,"date":"2024-06-13T10:51:00","date_gmt":"2024-06-13T13:51:00","guid":{"rendered":"https:\/\/www.actualidadadiario.com\/?p=116054"},"modified":"2024-06-13T10:51:00","modified_gmt":"2024-06-13T13:51:00","slug":"el-feminismo-de-parana-pide-una-urgente-reunion-a-la-ministra-de-desarrollo-humano","status":"publish","type":"post","link":"https:\/\/www.actualidadadiario.com\/index.php\/2024\/06\/13\/el-feminismo-de-parana-pide-una-urgente-reunion-a-la-ministra-de-desarrollo-humano\/","title":{"rendered":"El feminismo de Paran\u00e1 pide una urgente reuni\u00f3n a la Ministra de Desarrollo Humano"},"content":{"rendered":"<p style=\"text-align: center;\"><em><strong>El objetivo del encuentro es abordar la pol\u00edtica de prevenci\u00f3n, protecci\u00f3n y asistencia a las mujeres y disidencias sexuales victimas de violencias por razones de g\u00e9nero en diferentes \u00e1mbitos. \u201cMotiva la urgencia los dos femicidios cometidos en la localidad de Paran\u00e1 en la \u00faltima semana\u201d, se remarc\u00f3<\/strong><\/em><\/p>\n<p>&nbsp;<\/p>\n<p>&nbsp;<\/p>\n<p>El movimiento feminista de Paran\u00e1 se encontrar\u00e1 este jueves 13 a las 9:30 en la entrada del Consejo General de Educaci\u00f3n (CGE), para presentar un petitorio a la Ministra de Desarrollo Humano, Ver\u00f3nica Berisso, a los efectos de solicitar en forma urgente una reuni\u00f3n para tratar la pol\u00edtica de prevenci\u00f3n, protecci\u00f3n y asistencia a las mujeres y disidencias sexuales victimas de violencias por razones de g\u00e9nero en diferentes \u00e1mbitos.<\/p>\n<p>\u201cMotiva la urgencia los dos femicidios cometidos en la localidad de Paran\u00e1 en la \u00faltima semana, siendo un claro ejemplo de la magnitud de las violencias contra las mujeres y disidencias sexuales, el aumento de los discursos de odio imperante en la actualidad\u201d, se\u00f1al\u00f3 el movimiento feminista en un documento. Resalt\u00f3 que, por ese motivo, se impone \u201cla necesidad de esta reuni\u00f3n en su calidad de Ministra responsable de las pol\u00edticas de prevenci\u00f3n y protecci\u00f3n de las violencias de g\u00e9nero en el marco de la legislaci\u00f3n vigente en Argentina y Entre R\u00edos\u201d.<\/p>\n","protected":false},"excerpt":{"rendered":"<p>El objetivo del encuentro es abordar la pol\u00edtica de prevenci\u00f3n, protecci\u00f3n y asistencia a las mujeres y disidencias sexuales victimas de violencias por razones de g\u00e9nero en diferentes \u00e1mbitos. \u201cMotiva la urgencia los dos femicidios cometidos en la localidad de Paran\u00e1 en la \u00faltima semana\u201d, se remarc\u00f3 &nbsp; &nbsp; El movimiento feminista de Paran\u00e1 se encontrar\u00e1 este jueves 13 a las 9:30 en la entrada del Consejo General de Educaci\u00f3n (CGE), para presentar un petitorio a la Ministra de Desarrollo Humano, Ver\u00f3nica Berisso, a los efectos de solicitar en forma&#8230;<\/p>\n","protected":false},"author":3,"featured_media":43009,"comment_status":"closed","ping_status":"closed","sticky":false,"template":"","format":"standard","meta":[],"categories":[15],"tags":[],"_links":{"self":[{"href":"https:\/\/www.actualidadadiario.com\/index.php\/wp-json\/wp\/v2\/posts\/116054"}],"collection":[{"href":"https:\/\/www.actualidadadiario.com\/index.php\/wp-json\/wp\/v2\/posts"}],"about":[{"href":"https:\/\/www.actualidadadiario.com\/index.php\/wp-json\/wp\/v2\/types\/post"}],"author":[{"embeddable":true,"href":"https:\/\/www.actualidadadiario.com\/index.php\/wp-json\/wp\/v2\/users\/3"}],"replies":[{"embeddable":true,"href":"https:\/\/www.actualidadadiario.com\/index.php\/wp-json\/wp\/v2\/comments?post=116054"}],"version-history":[{"count":1,"href":"https:\/\/www.actualidadadiario.com\/index.php\/wp-json\/wp\/v2\/posts\/116054\/revisions"}],"predecessor-version":[{"id":116055,"href":"https:\/\/www.actualidadadiario.com\/index.php\/wp-json\/wp\/v2\/posts\/116054\/revisions\/116055"}],"wp:featuredmedia":[{"embeddable":true,"href":"https:\/\/www.actualidadadiario.com\/index.php\/wp-json\/wp\/v2\/media\/43009"}],"wp:attachment":[{"href":"https:\/\/www.actualidadadiario.com\/index.php\/wp-json\/wp\/v2\/media?parent=116054"}],"wp:term":[{"taxonomy":"category","embeddable":true,"href":"https:\/\/www.actualidadadiario.com\/index.php\/wp-json\/wp\/v2\/categories?post=116054"},{"taxonomy":"post_tag","embeddable":true,"href":"https:\/\/www.actualidadadiario.com\/index.php\/wp-json\/wp\/v2\/tags?post=116054"}],"curies":[{"name":"wp","href":"https:\/\/api.w.org\/{rel}","templated":true}]}}