{"id":116051,"date":"2024-06-13T10:50:01","date_gmt":"2024-06-13T13:50:01","guid":{"rendered":"https:\/\/www.actualidadadiario.com\/?p=116051"},"modified":"2024-06-13T10:50:01","modified_gmt":"2024-06-13T13:50:01","slug":"entre-rios-fortalece-su-sistema-energetico-y-favorece-la-integracion-de-la-region-en-esa-materia","status":"publish","type":"post","link":"https:\/\/www.actualidadadiario.com\/index.php\/2024\/06\/13\/entre-rios-fortalece-su-sistema-energetico-y-favorece-la-integracion-de-la-region-en-esa-materia\/","title":{"rendered":"Entre R\u00edos fortalece su sistema energ\u00e9tico y favorece la integraci\u00f3n de la regi\u00f3n en esa materia"},"content":{"rendered":"<p style=\"text-align: center;\"><em><strong>Con la entrada en servicio de las l\u00edneas de alta tensi\u00f3n en 132 KV &#8220;Paran\u00e1 III y IV&#8221; de la Estaci\u00f3n Transformadora 500 KV &#8220;Gran Paran\u00e1&#8221;, se invirti\u00f3 el flujo energ\u00e9tico que permitir\u00e1 garantizar el abastecimiento el\u00e9ctrico de todo el corredor oeste de la provincia y ser fuente de alimentaci\u00f3n alternativa para la provincia de Santa Fe. Es un hito hist\u00f3rico en el desarrollo energ\u00e9tico<\/strong><\/em><\/p>\n<p>&nbsp;<\/p>\n<p>&nbsp;<\/p>\n<p>A ra\u00edz del trabajo y la decisi\u00f3n pol\u00edtica del gobernador Rogelio Frigerio, se finaliz\u00f3 en tiempo r\u00e9cord la obra que repotencia la Estaci\u00f3n Transformadora (ET) 500 KV &#8220;Gran Paran\u00e1&#8221; e impacta en las posibilidades energ\u00e9ticas de la regi\u00f3n. Concretamente, con la construcci\u00f3n de las l\u00edneas de alta tensi\u00f3n Paran\u00e1 III y IV se vincula la ET Gran Paran\u00e1 con la ET Paran\u00e1 Norte, y esto suma una tercera instalaci\u00f3n de Entre R\u00edos al Sistema Argentino de Interconexi\u00f3n (SADI), permite maximizar la capacidad de transporte de la ET 500 y contribuye a mejorar el sistema el\u00e9ctrico de la regi\u00f3n.<\/p>\n<p>Al respecto, la secretaria de Energ\u00eda, Noelia Zapata, sostuvo que &#8220;este logro es fruto de una decisi\u00f3n pol\u00edtica estrat\u00e9gica en materia de infraestructura energ\u00e9tica&#8221; y precis\u00f3 que es una obra que &#8220;brinda mayor seguridad al sistema ante eventuales fallas&#8221; y posibilita que &#8220;Entre R\u00edos\u00a0 deje de depender del suministro energ\u00e9tico de Santa Fe y se convierta en un proveedor de energ\u00eda para \u00e9sta. Esto fortalecer\u00e1 nuestra posici\u00f3n y contribuir\u00e1 al desarrollo sostenible de ambas provincias&#8221;, remarc\u00f3.<\/p>\n<p>Por esta raz\u00f3n, el presidente de Enersa, Ignacio Bergallo, habl\u00f3 de &#8220;un hecho hist\u00f3rico&#8221; y asegur\u00f3 que &#8220;la obra trasciende los beneficios locales y se convierte en una herramienta estrat\u00e9gica a favor de la integraci\u00f3n energ\u00e9tica de la Regi\u00f3n Centro, uno de los objetivos que nos ha solicitado nuestro gobernador&#8221;.<\/p>\n<p>&nbsp;<\/p>\n<p><strong>Beneficios<\/strong><\/p>\n<p>Esta obra\u00a0 permite conseguir la autonom\u00eda energ\u00e9tica de Entre R\u00edos en relaci\u00f3n a las fuentes de abastecimiento de otras provincias, logrando que todas las localidades de la costa oeste (incluida la capital provincial) puedan alimentarse desde estaciones de transformaci\u00f3n de 500 a 132 kV ubicadas dentro de nuestra provincia: &#8220;Salto Grande&#8221;, &#8220;Colonia El\u00eda&#8221; y &#8220;Gran Paran\u00e1&#8221;.<\/p>\n<p>Adem\u00e1s, maximiza la capacidad de transporte y transmisi\u00f3n de la ET de 500 kV &#8220;Gran Paran\u00e1&#8221;, aprovechando los 600 MW de potencia, actualmente instalados en dicha planta.<\/p>\n<p>Tambi\u00e9n mejora sustancialmente la seguridad en el abastecimiento energ\u00e9tico de la regi\u00f3n a trav\u00e9s de la interconexi\u00f3n de estas instalaciones el\u00e9ctricas con las de la vecina provincia de Santa Fe (estas l\u00edneas permiten, a su vez, alimentar a Santa Fe en situaciones extraordinarias).<\/p>\n<p>Con lo cual, de esta manera, se promueve y acompa\u00f1a el desarrollo productivo en toda la regi\u00f3n.<\/p>\n<p>&nbsp;<\/p>\n<p><strong>Obras e inversi\u00f3n<\/strong><\/p>\n<p>Se instalaron nueve kil\u00f3metros de l\u00edneas de alta tensi\u00f3n compuestos de 93 piquetes (columnas) en l\u00edneas de 132kV, y la obra cont\u00f3 con una inversi\u00f3n superior a los 600 millones de pesos. La empresa contratista responsable fue L\u00edneas de Transmisi\u00f3n del Litoral S.A. &#8211; LITSA. Las l\u00edneas III y IV representan la \u00faltima fase de la obra estrat\u00e9gica: \u00abCulminaci\u00f3n de construcci\u00f3n, provisi\u00f3n y montaje de l\u00edneas de 132 kV desde ET 500 kV &#8220;Gran Paran\u00e1&#8221;, junto con la ampliaci\u00f3n de la ET en 132 kV &#8220;Paran\u00e1 Norte&#8221; y las instalaciones de comunicaci\u00f3n en ET Paran\u00e1 Este y ET Crespo\u00bb.<\/p>\n","protected":false},"excerpt":{"rendered":"<p>Con la entrada en servicio de las l\u00edneas de alta tensi\u00f3n en 132 KV &#8220;Paran\u00e1 III y IV&#8221; de la Estaci\u00f3n Transformadora 500 KV &#8220;Gran Paran\u00e1&#8221;, se invirti\u00f3 el flujo energ\u00e9tico que permitir\u00e1 garantizar el abastecimiento el\u00e9ctrico de todo el corredor oeste de la provincia y ser fuente de alimentaci\u00f3n alternativa para la provincia de Santa Fe. Es un hito hist\u00f3rico en el desarrollo energ\u00e9tico &nbsp; &nbsp; A ra\u00edz del trabajo y la decisi\u00f3n pol\u00edtica del gobernador Rogelio Frigerio, se finaliz\u00f3 en tiempo r\u00e9cord la obra que repotencia la Estaci\u00f3n&#8230;<\/p>\n","protected":false},"author":3,"featured_media":116052,"comment_status":"closed","ping_status":"closed","sticky":false,"template":"","format":"standard","meta":[],"categories":[15],"tags":[],"_links":{"self":[{"href":"https:\/\/www.actualidadadiario.com\/index.php\/wp-json\/wp\/v2\/posts\/116051"}],"collection":[{"href":"https:\/\/www.actualidadadiario.com\/index.php\/wp-json\/wp\/v2\/posts"}],"about":[{"href":"https:\/\/www.actualidadadiario.com\/index.php\/wp-json\/wp\/v2\/types\/post"}],"author":[{"embeddable":true,"href":"https:\/\/www.actualidadadiario.com\/index.php\/wp-json\/wp\/v2\/users\/3"}],"replies":[{"embeddable":true,"href":"https:\/\/www.actualidadadiario.com\/index.php\/wp-json\/wp\/v2\/comments?post=116051"}],"version-history":[{"count":1,"href":"https:\/\/www.actualidadadiario.com\/index.php\/wp-json\/wp\/v2\/posts\/116051\/revisions"}],"predecessor-version":[{"id":116053,"href":"https:\/\/www.actualidadadiario.com\/index.php\/wp-json\/wp\/v2\/posts\/116051\/revisions\/116053"}],"wp:featuredmedia":[{"embeddable":true,"href":"https:\/\/www.actualidadadiario.com\/index.php\/wp-json\/wp\/v2\/media\/116052"}],"wp:attachment":[{"href":"https:\/\/www.actualidadadiario.com\/index.php\/wp-json\/wp\/v2\/media?parent=116051"}],"wp:term":[{"taxonomy":"category","embeddable":true,"href":"https:\/\/www.actualidadadiario.com\/index.php\/wp-json\/wp\/v2\/categories?post=116051"},{"taxonomy":"post_tag","embeddable":true,"href":"https:\/\/www.actualidadadiario.com\/index.php\/wp-json\/wp\/v2\/tags?post=116051"}],"curies":[{"name":"wp","href":"https:\/\/api.w.org\/{rel}","templated":true}]}}