{"id":116043,"date":"2024-06-13T10:37:04","date_gmt":"2024-06-13T13:37:04","guid":{"rendered":"https:\/\/www.actualidadadiario.com\/?p=116043"},"modified":"2024-06-13T10:37:04","modified_gmt":"2024-06-13T13:37:04","slug":"ley-bases-frigerio-celebro-la-votacion-en-el-senado","status":"publish","type":"post","link":"https:\/\/www.actualidadadiario.com\/index.php\/2024\/06\/13\/ley-bases-frigerio-celebro-la-votacion-en-el-senado\/","title":{"rendered":"Ley Bases: Frigerio celebr\u00f3 la votaci\u00f3n en el Senado"},"content":{"rendered":"<p style=\"text-align: center;\"><em><strong>\u201cLa Ley Bases y el paquete fiscal ayudar\u00e1n a darle estabilidad pol\u00edtica y econ\u00f3mica al gobierno nacional\u201d, sostuvo el Gobernador Adem\u00e1s felicit\u00f3 a los tres senadores entrerrianos, Alfredo De \u00c1ngeli, Stella Olalla y Edgardo Kueider, que acompa\u00f1aron el conjunto de medidas<\/strong><\/em><\/p>\n<p>&nbsp;<\/p>\n<p>&nbsp;<\/p>\n<p>El Gobernador de Entre R\u00edos, Rogelio Frigerio se\u00f1al\u00f3 que la sanci\u00f3n de la Ley Bases y el Paquete fiscal &#8220;ayudar\u00e1n a darle estabilidad pol\u00edtica y econ\u00f3mica al gobierno nacional&#8221; y destac\u00f3 el voto de los tres senadores entrerrianos en la C\u00e1mara Alta.<\/p>\n<p>\u201cDesde el primer minuto trabajamos para brindarle al presidente Milei las herramientas necesarias para llevar adelante el cambio que vot\u00f3 la gente en las \u00faltimas elecciones\u201d, asegur\u00f3 el gobernador Rogelio Frigerio en su cuenta de X. \u201cEstamos atravesando un momento complejo, y la sanci\u00f3n de la Ley Bases y el paquete fiscal ayudar\u00e1n a darle estabilidad pol\u00edtica y econ\u00f3mica al gobierno nacional\u201d, resalt\u00f3 tras la votaci\u00f3n en la C\u00e1mara de Senadores de la Naci\u00f3n.<\/p>\n<p>Adem\u00e1s se\u00f1al\u00f3 que \u201cEntre R\u00edos fue un claro ejemplo en la jornada de hoy. Los tres senadores nacionales que representan a la Provincia han apoyado este conjunto de medidas que nos permiten, por fin, comenzar a hacer las transformaciones estructurales que debemos hacer en Argentina y en nuestra provincia\u201d.<\/p>\n<p>\u201cDimos vuelta la p\u00e1gina despu\u00e9s de muchos meses de discusi\u00f3n y debate. Pero esto fue s\u00f3lo el primer paso. Es indispensable avanzar en otras reformas profundas, como la baja o eliminaci\u00f3n de impuestos, que ponen trabas a nuestra producci\u00f3n y exportaciones, y desalientan la inversi\u00f3n privada\u201d, expuso Frigerio.<\/p>\n","protected":false},"excerpt":{"rendered":"<p>\u201cLa Ley Bases y el paquete fiscal ayudar\u00e1n a darle estabilidad pol\u00edtica y econ\u00f3mica al gobierno nacional\u201d, sostuvo el Gobernador Adem\u00e1s felicit\u00f3 a los tres senadores entrerrianos, Alfredo De \u00c1ngeli, Stella Olalla y Edgardo Kueider, que acompa\u00f1aron el conjunto de medidas &nbsp; &nbsp; El Gobernador de Entre R\u00edos, Rogelio Frigerio se\u00f1al\u00f3 que la sanci\u00f3n de la Ley Bases y el Paquete fiscal &#8220;ayudar\u00e1n a darle estabilidad pol\u00edtica y econ\u00f3mica al gobierno nacional&#8221; y destac\u00f3 el voto de los tres senadores entrerrianos en la C\u00e1mara Alta. \u201cDesde el primer minuto trabajamos&#8230;<\/p>\n","protected":false},"author":3,"featured_media":112267,"comment_status":"closed","ping_status":"closed","sticky":false,"template":"","format":"standard","meta":[],"categories":[15],"tags":[],"_links":{"self":[{"href":"https:\/\/www.actualidadadiario.com\/index.php\/wp-json\/wp\/v2\/posts\/116043"}],"collection":[{"href":"https:\/\/www.actualidadadiario.com\/index.php\/wp-json\/wp\/v2\/posts"}],"about":[{"href":"https:\/\/www.actualidadadiario.com\/index.php\/wp-json\/wp\/v2\/types\/post"}],"author":[{"embeddable":true,"href":"https:\/\/www.actualidadadiario.com\/index.php\/wp-json\/wp\/v2\/users\/3"}],"replies":[{"embeddable":true,"href":"https:\/\/www.actualidadadiario.com\/index.php\/wp-json\/wp\/v2\/comments?post=116043"}],"version-history":[{"count":1,"href":"https:\/\/www.actualidadadiario.com\/index.php\/wp-json\/wp\/v2\/posts\/116043\/revisions"}],"predecessor-version":[{"id":116044,"href":"https:\/\/www.actualidadadiario.com\/index.php\/wp-json\/wp\/v2\/posts\/116043\/revisions\/116044"}],"wp:featuredmedia":[{"embeddable":true,"href":"https:\/\/www.actualidadadiario.com\/index.php\/wp-json\/wp\/v2\/media\/112267"}],"wp:attachment":[{"href":"https:\/\/www.actualidadadiario.com\/index.php\/wp-json\/wp\/v2\/media?parent=116043"}],"wp:term":[{"taxonomy":"category","embeddable":true,"href":"https:\/\/www.actualidadadiario.com\/index.php\/wp-json\/wp\/v2\/categories?post=116043"},{"taxonomy":"post_tag","embeddable":true,"href":"https:\/\/www.actualidadadiario.com\/index.php\/wp-json\/wp\/v2\/tags?post=116043"}],"curies":[{"name":"wp","href":"https:\/\/api.w.org\/{rel}","templated":true}]}}