{"id":116040,"date":"2024-06-12T13:43:42","date_gmt":"2024-06-12T16:43:42","guid":{"rendered":"https:\/\/www.actualidadadiario.com\/?p=116040"},"modified":"2024-06-12T13:44:34","modified_gmt":"2024-06-12T16:44:34","slug":"atenas-cierra-la-acropolis-y-monitorea-las-temperaturas-con-drones-durante-una-ola-de-calor","status":"publish","type":"post","link":"https:\/\/www.actualidadadiario.com\/index.php\/2024\/06\/12\/atenas-cierra-la-acropolis-y-monitorea-las-temperaturas-con-drones-durante-una-ola-de-calor\/","title":{"rendered":"Atenas cierra la Acr\u00f3polis y monitorea las temperaturas con drones durante una ola de calor"},"content":{"rendered":"<p style=\"text-align: center;\"><em><strong>Las autoridades en Atenas cerraron la Acr\u00f3polis durante cinco horas este mi\u00e9rcoles debido a una ola de calor que tambi\u00e9n oblig\u00f3 a cerrar muchas escuelas<\/strong><\/em><\/p>\n<p>&nbsp;<\/p>\n<p>&nbsp;<\/p>\n<p>&nbsp;<\/p>\n<p>El recinto hist\u00f3rico en la capital griega -que el a\u00f1o pasado recibi\u00f3 casi 4 millones de visitantes- cerr\u00f3 entre el mediod\u00eda y las 5 de la tarde, ante previsiones de hasta 39 grados Celsius (102 grados Fahrenheit).<\/p>\n<p>Tambi\u00e9n se cancelaron las clases en escuelas primarias y de preescolar en zonas del sur y el centro de Grecia, donde la temperatura era m\u00e1s alta.<\/p>\n<p>Las condiciones empeoraron en una zona al norte de la capital debido a un incendio en una f\u00e1brica de utensilios de cocina y contenedores de alimentos. Las alertas de tel\u00e9fonos m\u00f3viles enviadas por una agencia gubernamental de respuesta a desastres instaron a los residentes de la zona a permanecer en sus casas.<\/p>\n<p>Adem\u00e1s, Atenas suspendi\u00f3 la recogida de basuras durante varias horas y se habilitaron siete espacios con aire acondicionado para el p\u00fablico, indicaron las autoridades municipales. La ciudad utilizaba drones con c\u00e1maras t\u00e9rmicas para coordinar la respuesta de salud p\u00fablica, se\u00f1alaron.<\/p>\n<p>Se espera que la temperatura remita el viernes por la noche.<\/p>\n","protected":false},"excerpt":{"rendered":"<p>Las autoridades en Atenas cerraron la Acr\u00f3polis durante cinco horas este mi\u00e9rcoles debido a una ola de calor que tambi\u00e9n oblig\u00f3 a cerrar muchas escuelas &nbsp; &nbsp; &nbsp; El recinto hist\u00f3rico en la capital griega -que el a\u00f1o pasado recibi\u00f3 casi 4 millones de visitantes- cerr\u00f3 entre el mediod\u00eda y las 5 de la tarde, ante previsiones de hasta 39 grados Celsius (102 grados Fahrenheit). Tambi\u00e9n se cancelaron las clases en escuelas primarias y de preescolar en zonas del sur y el centro de Grecia, donde la temperatura era m\u00e1s&#8230;<\/p>\n","protected":false},"author":3,"featured_media":116041,"comment_status":"closed","ping_status":"closed","sticky":false,"template":"","format":"standard","meta":[],"categories":[4],"tags":[],"_links":{"self":[{"href":"https:\/\/www.actualidadadiario.com\/index.php\/wp-json\/wp\/v2\/posts\/116040"}],"collection":[{"href":"https:\/\/www.actualidadadiario.com\/index.php\/wp-json\/wp\/v2\/posts"}],"about":[{"href":"https:\/\/www.actualidadadiario.com\/index.php\/wp-json\/wp\/v2\/types\/post"}],"author":[{"embeddable":true,"href":"https:\/\/www.actualidadadiario.com\/index.php\/wp-json\/wp\/v2\/users\/3"}],"replies":[{"embeddable":true,"href":"https:\/\/www.actualidadadiario.com\/index.php\/wp-json\/wp\/v2\/comments?post=116040"}],"version-history":[{"count":1,"href":"https:\/\/www.actualidadadiario.com\/index.php\/wp-json\/wp\/v2\/posts\/116040\/revisions"}],"predecessor-version":[{"id":116042,"href":"https:\/\/www.actualidadadiario.com\/index.php\/wp-json\/wp\/v2\/posts\/116040\/revisions\/116042"}],"wp:featuredmedia":[{"embeddable":true,"href":"https:\/\/www.actualidadadiario.com\/index.php\/wp-json\/wp\/v2\/media\/116041"}],"wp:attachment":[{"href":"https:\/\/www.actualidadadiario.com\/index.php\/wp-json\/wp\/v2\/media?parent=116040"}],"wp:term":[{"taxonomy":"category","embeddable":true,"href":"https:\/\/www.actualidadadiario.com\/index.php\/wp-json\/wp\/v2\/categories?post=116040"},{"taxonomy":"post_tag","embeddable":true,"href":"https:\/\/www.actualidadadiario.com\/index.php\/wp-json\/wp\/v2\/tags?post=116040"}],"curies":[{"name":"wp","href":"https:\/\/api.w.org\/{rel}","templated":true}]}}