{"id":116037,"date":"2024-06-12T13:41:36","date_gmt":"2024-06-12T16:41:36","guid":{"rendered":"https:\/\/www.actualidadadiario.com\/?p=116037"},"modified":"2024-06-12T13:41:36","modified_gmt":"2024-06-12T16:41:36","slug":"el-sur-de-chile-sufre-inundaciones-y-fuertes-lluvias","status":"publish","type":"post","link":"https:\/\/www.actualidadadiario.com\/index.php\/2024\/06\/12\/el-sur-de-chile-sufre-inundaciones-y-fuertes-lluvias\/","title":{"rendered":"El sur de Chile sufre inundaciones y fuertes lluvias"},"content":{"rendered":"<p style=\"text-align: center;\"><em><strong>El Gobierno decret\u00f3 cat\u00e1strofe y hay un millar de personas afectadas, centenares de viviendas da\u00f1adas y rutas cortadas<\/strong><\/em><\/p>\n<p>&nbsp;<\/p>\n<p>&nbsp;<\/p>\n<p>El intenso temporal de viento y lluvia que golpea el centro y sur de Chile dej\u00f3 hasta ahora casi un millar de personas afectadas, centenares de viviendas da\u00f1adas, rutas cortadas por inundaciones y crecida de r\u00edos, por lo que el Gobierno decret\u00f3 zona de cat\u00e1strofe en una de las regiones m\u00e1s golpeadas.<\/p>\n<p>De acuerdo con un balance en la ma\u00f1ana del mi\u00e9rcoles del Servicio Nacional de Prevenci\u00f3n de Desastres (Senapred), las regiones m\u00e1s azotadas por el frente son Araucan\u00eda, Biob\u00edo y \u00d1uble, que concentran la actividad forestal del pa\u00eds, en las que hubo cortes de rutas, deslizamientos de tierras y suspensi\u00f3n de las clases.<\/p>\n","protected":false},"excerpt":{"rendered":"<p>El Gobierno decret\u00f3 cat\u00e1strofe y hay un millar de personas afectadas, centenares de viviendas da\u00f1adas y rutas cortadas &nbsp; &nbsp; El intenso temporal de viento y lluvia que golpea el centro y sur de Chile dej\u00f3 hasta ahora casi un millar de personas afectadas, centenares de viviendas da\u00f1adas, rutas cortadas por inundaciones y crecida de r\u00edos, por lo que el Gobierno decret\u00f3 zona de cat\u00e1strofe en una de las regiones m\u00e1s golpeadas. De acuerdo con un balance en la ma\u00f1ana del mi\u00e9rcoles del Servicio Nacional de Prevenci\u00f3n de Desastres (Senapred),&#8230;<\/p>\n","protected":false},"author":3,"featured_media":116038,"comment_status":"closed","ping_status":"closed","sticky":false,"template":"","format":"standard","meta":[],"categories":[4],"tags":[],"_links":{"self":[{"href":"https:\/\/www.actualidadadiario.com\/index.php\/wp-json\/wp\/v2\/posts\/116037"}],"collection":[{"href":"https:\/\/www.actualidadadiario.com\/index.php\/wp-json\/wp\/v2\/posts"}],"about":[{"href":"https:\/\/www.actualidadadiario.com\/index.php\/wp-json\/wp\/v2\/types\/post"}],"author":[{"embeddable":true,"href":"https:\/\/www.actualidadadiario.com\/index.php\/wp-json\/wp\/v2\/users\/3"}],"replies":[{"embeddable":true,"href":"https:\/\/www.actualidadadiario.com\/index.php\/wp-json\/wp\/v2\/comments?post=116037"}],"version-history":[{"count":1,"href":"https:\/\/www.actualidadadiario.com\/index.php\/wp-json\/wp\/v2\/posts\/116037\/revisions"}],"predecessor-version":[{"id":116039,"href":"https:\/\/www.actualidadadiario.com\/index.php\/wp-json\/wp\/v2\/posts\/116037\/revisions\/116039"}],"wp:featuredmedia":[{"embeddable":true,"href":"https:\/\/www.actualidadadiario.com\/index.php\/wp-json\/wp\/v2\/media\/116038"}],"wp:attachment":[{"href":"https:\/\/www.actualidadadiario.com\/index.php\/wp-json\/wp\/v2\/media?parent=116037"}],"wp:term":[{"taxonomy":"category","embeddable":true,"href":"https:\/\/www.actualidadadiario.com\/index.php\/wp-json\/wp\/v2\/categories?post=116037"},{"taxonomy":"post_tag","embeddable":true,"href":"https:\/\/www.actualidadadiario.com\/index.php\/wp-json\/wp\/v2\/tags?post=116037"}],"curies":[{"name":"wp","href":"https:\/\/api.w.org\/{rel}","templated":true}]}}