{"id":116030,"date":"2024-06-12T13:39:12","date_gmt":"2024-06-12T16:39:12","guid":{"rendered":"https:\/\/www.actualidadadiario.com\/?p=116030"},"modified":"2024-06-12T13:39:12","modified_gmt":"2024-06-12T16:39:12","slug":"el-genocidio-y-sus-trampas","status":"publish","type":"post","link":"https:\/\/www.actualidadadiario.com\/index.php\/2024\/06\/12\/el-genocidio-y-sus-trampas\/","title":{"rendered":"El genocidio y sus trampas"},"content":{"rendered":"<p style=\"text-align: center;\"><em><strong>Gritamos que pare el genocidio ya. Que incluso para los israel\u00edes no habr\u00e1 seguridad alguna si creen que la conseguir\u00e1n masacrando. Pero el grito no produce consecuencias<\/strong><\/em><\/p>\n<p>&nbsp;<\/p>\n<p>&nbsp;<\/p>\n<p>El apellido nos introduce en la historia universal aunque no lo querramos. No hay apellido que no remita a un pueblo o a varios, a una o m\u00e1s tierras, y a alguna guerra o masacre. El apellido jud\u00edo liga indudablemente a quien lo porta con el genocidio europeo, es un hecho. Lo nazi rehizo las resonancias de lo jud\u00edo. \u00bfTambi\u00e9n lo ha hecho Israel?<\/p>\n<p>Judith Butler escribi\u00f3 a prop\u00f3sito de la inconsistente pretensi\u00f3n de ese pa\u00eds de presentarse como un \u00abEstado Jud\u00edo\u00bb. A prop\u00f3sito de la disputa legal por la custodia de la obra de Kafka, la fil\u00f3sofa hizo notar la gravedad del equ\u00edvoco: hay millones de jud\u00edos que no tienen relaci\u00f3n alguna son Israel, y hay millones de no jud\u00edos que s\u00ed forman parte de ese Estado. Con lo que la pretensi\u00f3n falla por los dos lados: niega la condici\u00f3n no israel\u00ed de tanto jud\u00edo; desconoce la importancia de la constituci\u00f3n de poblaci\u00f3n no jud\u00eda -por ejemplo la del palestino israel\u00ed- en el Estado de Israel. Con todo, esta irresoluci\u00f3n produce efectos. M\u00e1s aun cuando este Estado asume la acci\u00f3n de exterminio sobre un colectivo, un pueblo.<\/p>\n<p>No son pocos quienes -aunque el t\u00e9rmino ha llegado a la Corte de La Haya- eluden hablar hoy de genocidio. Cuesta aceptar esa palabra a las conciencias que -como ocurri\u00f3 en Europa luego de la guerra- hicieron del jud\u00edo la figura de la v\u00edctima por excelencia. El jud\u00edo pas\u00f3 a ser el signo en torno al cual se pone en juego el grado de civilizaci\u00f3n alcanzada, el \u00edndice que mide el valor que se da al otro y por tanto el grado de humanismo de la propia cultura.<\/p>\n<p>Desde el momento en que Israel perpetra matanzas masivas y ratifica su pol\u00edtica de aniquilaci\u00f3n de una poblaci\u00f3n, queda planteada una trampa irresoluble. Trampa que destruye las multiplicidades y matices. En primer lugar, la trampa que cae sobre el pueblo palestino. Vidas entrampadas a las que se les exige una pasividad inaceptable. En segundo lugar, sobre el ciudadano israel\u00ed -jud\u00edo o no-, si cree que poder vivir en un Estado seguro para su propia vida cuando la pol\u00edtica seguida por ese Estado lleva a su propia destrucci\u00f3n. En tercer lugar, trampa sobre el no jud\u00edo, que no puede denunciar la pol\u00edtica de Israel sin caer por eso bajo fuerte sospecha de antisemitismo.<\/p>\n<p>Solo el jud\u00edo -cualquier portador de apellido de ese origen- tendr\u00eda derecho a tal denuncia (siempre que no se lo considera un jud\u00edo-antisemita). Y en cuarto lugar sobre el jud\u00edo no israel\u00ed, que sin estar necesariamente concernido en la pol\u00edtica de Medio Oriente -ni conocer los detalles de la compleja pol\u00edtica que ocurre quiz\u00e1s muy lejos de su propio pa\u00eds- siente que se practica un genocidio en su nombre. \u00bfEn qu\u00e9 situaci\u00f3n se encuentra este jud\u00edo no israel\u00ed cuando el Estado que -cierto que sostenido por la maquinaria cient\u00edfico militar financiera del occidente neoliberal que Le\u00f3n Rozitchner identific\u00f3 con la trama del genocidio Nazi- masacra en su nombre? \u00bfSe transforma entonces el apellido jud\u00edo en un arma capaz de actuar en favor o en contra de la muerte de otros?<\/p>\n<p>Es extra\u00f1o pensarlo as\u00ed, porque por m\u00e1s apellido jud\u00edo que se tenga, el silencio que amordaza su grito es tan eficaz como el que amordaza el de los dem\u00e1s. Como ha escrito hace unos a\u00f1os Rita Segato tambi\u00e9n sobre quienes portan apellido de descendientes de jud\u00edos europeos aniquilados cae la inaudibilidad. Gritamos que pare el genocidio ya. Que incluso para los israel\u00edes no habr\u00e1 seguridad alguna si creen que la conseguir\u00e1n masacrando. Pero el grito no produce consecuencias. El estado de excepci\u00f3n medi\u00e1tico rige para todos. Salvo por un tipo de respuesta que s\u00ed se recibe. Una seria objeci\u00f3n que advierte que no se puede apoyar al terrorismo.<\/p>\n<p>Pero si vamos a llamar terrorismo a la violencia que responde a la violencia del ej\u00e9rcito israel\u00ed: \u00bfno vamos a preguntarnos lo m\u00e1s evidente? Porque esa violencia en Palestina se acrecienta cada vez que Israel -junto con los Estados que lo apoyan- anula toda salida jur\u00eddica y pol\u00edtica a un pueblo entero y cierra todas las puertas al cuestionar la legitimidad de quienes exigen el cese el genocidio, de las acciones armadas y el reestablecimiento del camino del derecho de los pueblos a vivir y a gozar de sus instituciones.<\/p>\n<p>\u00bfSe puede entrampar a un pueblo entero y luego sorprenderse por las repuestas que surgen de esa desesperaci\u00f3n? \u00bfNo ven los Estados Europeos y occidentales (el argentino incluido), cuya conciencia est\u00e1 comprometida en esta historia, que ah\u00ed donde no hay acuerdo de paz solo puede haber genocidio y guerra? \u00bfY si lo ven: lo aceptan? \u00bfEst\u00e1n seguros de los supuestos beneficios de ser parte de ese camino? Elegir ese sendero compromete a la llamada civilizaci\u00f3n, nuevamente, con su propio reverso de barbarie de que hablaba Walter Benjamin. Se juega con la difusi\u00f3n de formas horrorosas de afirmar la vida. Y eso es simplemente inaceptable.<\/p>\n","protected":false},"excerpt":{"rendered":"<p>Gritamos que pare el genocidio ya. Que incluso para los israel\u00edes no habr\u00e1 seguridad alguna si creen que la conseguir\u00e1n masacrando. Pero el grito no produce consecuencias &nbsp; &nbsp; El apellido nos introduce en la historia universal aunque no lo querramos. No hay apellido que no remita a un pueblo o a varios, a una o m\u00e1s tierras, y a alguna guerra o masacre. El apellido jud\u00edo liga indudablemente a quien lo porta con el genocidio europeo, es un hecho. Lo nazi rehizo las resonancias de lo jud\u00edo. \u00bfTambi\u00e9n lo&#8230;<\/p>\n","protected":false},"author":3,"featured_media":116031,"comment_status":"closed","ping_status":"closed","sticky":false,"template":"","format":"standard","meta":[],"categories":[4],"tags":[],"_links":{"self":[{"href":"https:\/\/www.actualidadadiario.com\/index.php\/wp-json\/wp\/v2\/posts\/116030"}],"collection":[{"href":"https:\/\/www.actualidadadiario.com\/index.php\/wp-json\/wp\/v2\/posts"}],"about":[{"href":"https:\/\/www.actualidadadiario.com\/index.php\/wp-json\/wp\/v2\/types\/post"}],"author":[{"embeddable":true,"href":"https:\/\/www.actualidadadiario.com\/index.php\/wp-json\/wp\/v2\/users\/3"}],"replies":[{"embeddable":true,"href":"https:\/\/www.actualidadadiario.com\/index.php\/wp-json\/wp\/v2\/comments?post=116030"}],"version-history":[{"count":1,"href":"https:\/\/www.actualidadadiario.com\/index.php\/wp-json\/wp\/v2\/posts\/116030\/revisions"}],"predecessor-version":[{"id":116032,"href":"https:\/\/www.actualidadadiario.com\/index.php\/wp-json\/wp\/v2\/posts\/116030\/revisions\/116032"}],"wp:featuredmedia":[{"embeddable":true,"href":"https:\/\/www.actualidadadiario.com\/index.php\/wp-json\/wp\/v2\/media\/116031"}],"wp:attachment":[{"href":"https:\/\/www.actualidadadiario.com\/index.php\/wp-json\/wp\/v2\/media?parent=116030"}],"wp:term":[{"taxonomy":"category","embeddable":true,"href":"https:\/\/www.actualidadadiario.com\/index.php\/wp-json\/wp\/v2\/categories?post=116030"},{"taxonomy":"post_tag","embeddable":true,"href":"https:\/\/www.actualidadadiario.com\/index.php\/wp-json\/wp\/v2\/tags?post=116030"}],"curies":[{"name":"wp","href":"https:\/\/api.w.org\/{rel}","templated":true}]}}