{"id":116022,"date":"2024-06-12T12:24:09","date_gmt":"2024-06-12T15:24:09","guid":{"rendered":"https:\/\/www.actualidadadiario.com\/?p=116022"},"modified":"2024-06-12T13:17:13","modified_gmt":"2024-06-12T16:17:13","slug":"se-viene-guerra-santa-de-los-curas-contra-sandra-pettovello-y-las-politicas-sociales","status":"publish","type":"post","link":"https:\/\/www.actualidadadiario.com\/index.php\/2024\/06\/12\/se-viene-guerra-santa-de-los-curas-contra-sandra-pettovello-y-las-politicas-sociales\/","title":{"rendered":"Se viene &#8220;guerra Santa&#8221; de los curas contra Sandra Pettovello y las pol\u00edticas sociales"},"content":{"rendered":"<p style=\"text-align: center;\"><em><strong>A la apertura de la Catedral Metropolitana para ofrecer una cena a pobres, ahora se sum\u00f3 el cura Carlos Saracini: &#8220;el pa\u00eds est\u00e1 desangrando&#8221;<\/strong><\/em><\/p>\n<p>&nbsp;<\/p>\n<p>&nbsp;<\/p>\n<p>La relaci\u00f3n entre la Iglesia y el gobierno de Javier Milei comenz\u00f3 a tensarse con la falta de comida en los comedores. La apertura de la Catedral Metropolitana en una noche fr\u00eda para brindar en una cena donde para cualquier turista representa el p\u00falpito donde el \u201cpadre Jorge\u201d ofrec\u00eda misa, result\u00f3 una se\u00f1al concreta hacia las pol\u00edticas sociales. Francisco recibir\u00e1 al gobernador de Buenos Aires, Axel Kicillof, un gesto de la diplomacia vaticana imposible de no evaluar.<\/p>\n<p>El padre Carlos Saracini, p\u00e1rroco de la iglesia Santa Gema, explic\u00f3 porque los fieles cantaron \u201cla Patria no se vende\u201d y enfatiz\u00f3 que &#8220;el pa\u00eds est\u00e1 desangrando&#8221;.<\/p>\n<p>Saracini dijo que &#8220;en la misa que hicimos en memoria de Norita Corti\u00f1as, expresamos que la Patria no se vende, y que nuestro pa\u00eds est\u00e1 desangrando. Esto es parte de la memoria de aquella \u00faltima cena y de esta cena hoy&#8221;.<\/p>\n<p>El p\u00e1rroco cuestion\u00f3 las pol\u00edticas sociales del presidente Javier Milei y la ministra de Capital Humano, Sandra Pettovello pero sin hacer nombres aunque se\u00f1al\u00f3: \u201cel arzobispo de Buenos Aires mand\u00f3 un gesto con otros curas en la misma catedral y digo, \u00bfno podr\u00edan hacer lo mismo? Y s\u00ed, \u00bfentend\u00e9s? O sea, es cuesti\u00f3n de ser creativos tambi\u00e9n, \u00bfno? De decir la palabra que hay que decir\u201d.<\/p>\n<p>Los curas villeros de manera silenciosa declararon la \u201cguerra Santa\u201d contra Sandra Pettovello y el manejo de los alimentos. A la cena en la Catedral y las declaraciones p\u00fablicas, seguir\u00e1n sumando cuestionamientos cuando la pobreza crece.<\/p>\n<p>En una entrevista con Radio Colonia AM 550, el cura destac\u00f3 la importancia de la comunidad en su labor, se\u00f1alando que &#8220;no es Carlos, es la comunidad pasionista, es la comunidad de la Santa Cruz, que sostiene un espacio de memoria&#8221;.<\/p>\n<p>En su relato, Saracini rememor\u00f3 los tiempos de la dictadura y c\u00f3mo la iglesia de Santa Cruz se convirti\u00f3 en un refugio para las Madres de Plaza de Mayo. &#8220;Desde siempre hacemos memoria y somos de los que creemos que no hubo una guerra, sino que hubo un terrorismo de Estado&#8221;, afirm\u00f3.<\/p>\n<p>Adem\u00e1s, el cura resalt\u00f3 la importancia de la labor social como la solidaridad en tiempos dif\u00edciles y para explicar \u201cel pa\u00eds se est\u00e1 desangrando\u201d narr\u00f3 que en la primera parte de la misa es hacer memoria del legado de ellos, trajimos memoria de su vida, de sus rasgos, despu\u00e9s le\u00edmos el Evangelio, como toda Eucarist\u00eda, y despu\u00e9s de eso, en el ofertorio, nosotros hacemos un gesto muy importante, que es a la Virgen nuestra\u201d.<\/p>\n<p>Saracini coment\u00f3 que \u201cle colocamos el pa\u00f1uelo de las madres, que siempre lo hac\u00eda Norita, en este caso, lo hizo Adolfo con dos j\u00f3venes de la parroquia, y despu\u00e9s de eso, nosotros empezamos a nombrar las causas donde Norita estaba y entonces despu\u00e9s de eso, yo dije, bueno, tambi\u00e9n una causa que ella estaba convencida, y nosotros tambi\u00e9n, de que la patria no se vende\u201d.<\/p>\n","protected":false},"excerpt":{"rendered":"<p>A la apertura de la Catedral Metropolitana para ofrecer una cena a pobres, ahora se sum\u00f3 el cura Carlos Saracini: &#8220;el pa\u00eds est\u00e1 desangrando&#8221; &nbsp; &nbsp; La relaci\u00f3n entre la Iglesia y el gobierno de Javier Milei comenz\u00f3 a tensarse con la falta de comida en los comedores. La apertura de la Catedral Metropolitana en una noche fr\u00eda para brindar en una cena donde para cualquier turista representa el p\u00falpito donde el \u201cpadre Jorge\u201d ofrec\u00eda misa, result\u00f3 una se\u00f1al concreta hacia las pol\u00edticas sociales. Francisco recibir\u00e1 al gobernador de Buenos&#8230;<\/p>\n","protected":false},"author":3,"featured_media":112233,"comment_status":"closed","ping_status":"closed","sticky":false,"template":"","format":"standard","meta":[],"categories":[18],"tags":[],"_links":{"self":[{"href":"https:\/\/www.actualidadadiario.com\/index.php\/wp-json\/wp\/v2\/posts\/116022"}],"collection":[{"href":"https:\/\/www.actualidadadiario.com\/index.php\/wp-json\/wp\/v2\/posts"}],"about":[{"href":"https:\/\/www.actualidadadiario.com\/index.php\/wp-json\/wp\/v2\/types\/post"}],"author":[{"embeddable":true,"href":"https:\/\/www.actualidadadiario.com\/index.php\/wp-json\/wp\/v2\/users\/3"}],"replies":[{"embeddable":true,"href":"https:\/\/www.actualidadadiario.com\/index.php\/wp-json\/wp\/v2\/comments?post=116022"}],"version-history":[{"count":1,"href":"https:\/\/www.actualidadadiario.com\/index.php\/wp-json\/wp\/v2\/posts\/116022\/revisions"}],"predecessor-version":[{"id":116023,"href":"https:\/\/www.actualidadadiario.com\/index.php\/wp-json\/wp\/v2\/posts\/116022\/revisions\/116023"}],"wp:featuredmedia":[{"embeddable":true,"href":"https:\/\/www.actualidadadiario.com\/index.php\/wp-json\/wp\/v2\/media\/112233"}],"wp:attachment":[{"href":"https:\/\/www.actualidadadiario.com\/index.php\/wp-json\/wp\/v2\/media?parent=116022"}],"wp:term":[{"taxonomy":"category","embeddable":true,"href":"https:\/\/www.actualidadadiario.com\/index.php\/wp-json\/wp\/v2\/categories?post=116022"},{"taxonomy":"post_tag","embeddable":true,"href":"https:\/\/www.actualidadadiario.com\/index.php\/wp-json\/wp\/v2\/tags?post=116022"}],"curies":[{"name":"wp","href":"https:\/\/api.w.org\/{rel}","templated":true}]}}