{"id":116019,"date":"2024-06-12T12:36:49","date_gmt":"2024-06-12T15:36:49","guid":{"rendered":"https:\/\/www.actualidadadiario.com\/?p=116019"},"modified":"2024-06-12T12:36:49","modified_gmt":"2024-06-12T15:36:49","slug":"martin-lousteau-votara-en-contra-de-la-ley-bases-impulsada-por-el-gobierno","status":"publish","type":"post","link":"https:\/\/www.actualidadadiario.com\/index.php\/2024\/06\/12\/martin-lousteau-votara-en-contra-de-la-ley-bases-impulsada-por-el-gobierno\/","title":{"rendered":"Mart\u00edn Lousteau votar\u00e1 en contra de la Ley Bases impulsada por el Gobierno"},"content":{"rendered":"<p style=\"text-align: center;\"><em><strong>El senador radical era una de las inc\u00f3gnitas antes del inicio de la sesi\u00f3n. Con su decisi\u00f3n, la votaci\u00f3n est\u00e1 virtualmente empatada<\/strong><\/em><\/p>\n<p>&nbsp;<\/p>\n<p>&nbsp;<\/p>\n<p>El senador Mart\u00edn Lousteau se transform\u00f3 en uno de los protagonistas del debate de la Ley Bases en el Congreso. En primer lugar, fue uno de los responsables de garantizarle el qu\u00f3rum al oficialismo para abrir la discusi\u00f3n en la C\u00e1mara Alta. Sin embargo, el presidente de la Uni\u00f3n C\u00edvica Radical anticip\u00f3 que votar\u00e1 en contra de las reformas que impulsa la Casa Rosada. \u201cEste proyecto tiene muchos m\u00e1s vicios que virtudes\u201d, consider\u00f3 durante su presentaci\u00f3n.<\/p>\n<p>Su posici\u00f3n era una de las inc\u00f3gnitas en la previa de la sesi\u00f3n. Lousteau lleg\u00f3 al recinto con un dictamen propio de 100 p\u00e1ginas que promueve algunas reformas sobre el texto original.<\/p>\n<p>\u201cS\u00ed es cierto que este gobierno recibi\u00f3 una herencia desastrosa, y que parte de lo que est\u00e1 pasando tiene que ver con esa herencia. Pero tambi\u00e9n es cierto que el gobierno decidi\u00f3 abordar esa herencia de determinada manera, y parte de lo que est\u00e1 pasando tiene que ver con c\u00f3mo el gobierno eligi\u00f3 la herencia de las dificultades\u201d, manifest\u00f3 el senador Lousteau al comienzo de su mon\u00f3logo.<\/p>\n<p>Otro radical que jug\u00f3 hasta \u00faltimo momento al misterio fue Maximiliano Abad, quien confirm\u00f3 este mediod\u00eda que acompa\u00f1ar\u00e1 los dict\u00e1menes de la Libertad Avanza.<\/p>\n<p>As\u00ed las cosas, la votaci\u00f3n se encuentra virtualmente empatada, con 36 legisladores a favor de las iniciativas de la Casa Rosada y 36 que se oponen. De mantenerse la paridad, la vicepresidenta Victoria Villarruel tendr\u00e1 que definir el resultado de la votaci\u00f3n.<\/p>\n","protected":false},"excerpt":{"rendered":"<p>El senador radical era una de las inc\u00f3gnitas antes del inicio de la sesi\u00f3n. Con su decisi\u00f3n, la votaci\u00f3n est\u00e1 virtualmente empatada &nbsp; &nbsp; El senador Mart\u00edn Lousteau se transform\u00f3 en uno de los protagonistas del debate de la Ley Bases en el Congreso. En primer lugar, fue uno de los responsables de garantizarle el qu\u00f3rum al oficialismo para abrir la discusi\u00f3n en la C\u00e1mara Alta. Sin embargo, el presidente de la Uni\u00f3n C\u00edvica Radical anticip\u00f3 que votar\u00e1 en contra de las reformas que impulsa la Casa Rosada. \u201cEste proyecto&#8230;<\/p>\n","protected":false},"author":3,"featured_media":116007,"comment_status":"closed","ping_status":"closed","sticky":false,"template":"","format":"standard","meta":[],"categories":[18],"tags":[],"_links":{"self":[{"href":"https:\/\/www.actualidadadiario.com\/index.php\/wp-json\/wp\/v2\/posts\/116019"}],"collection":[{"href":"https:\/\/www.actualidadadiario.com\/index.php\/wp-json\/wp\/v2\/posts"}],"about":[{"href":"https:\/\/www.actualidadadiario.com\/index.php\/wp-json\/wp\/v2\/types\/post"}],"author":[{"embeddable":true,"href":"https:\/\/www.actualidadadiario.com\/index.php\/wp-json\/wp\/v2\/users\/3"}],"replies":[{"embeddable":true,"href":"https:\/\/www.actualidadadiario.com\/index.php\/wp-json\/wp\/v2\/comments?post=116019"}],"version-history":[{"count":1,"href":"https:\/\/www.actualidadadiario.com\/index.php\/wp-json\/wp\/v2\/posts\/116019\/revisions"}],"predecessor-version":[{"id":116020,"href":"https:\/\/www.actualidadadiario.com\/index.php\/wp-json\/wp\/v2\/posts\/116019\/revisions\/116020"}],"wp:featuredmedia":[{"embeddable":true,"href":"https:\/\/www.actualidadadiario.com\/index.php\/wp-json\/wp\/v2\/media\/116007"}],"wp:attachment":[{"href":"https:\/\/www.actualidadadiario.com\/index.php\/wp-json\/wp\/v2\/media?parent=116019"}],"wp:term":[{"taxonomy":"category","embeddable":true,"href":"https:\/\/www.actualidadadiario.com\/index.php\/wp-json\/wp\/v2\/categories?post=116019"},{"taxonomy":"post_tag","embeddable":true,"href":"https:\/\/www.actualidadadiario.com\/index.php\/wp-json\/wp\/v2\/tags?post=116019"}],"curies":[{"name":"wp","href":"https:\/\/api.w.org\/{rel}","templated":true}]}}