{"id":116012,"date":"2024-06-12T12:31:23","date_gmt":"2024-06-12T15:31:23","guid":{"rendered":"https:\/\/www.actualidadadiario.com\/?p=116012"},"modified":"2024-06-12T12:31:23","modified_gmt":"2024-06-12T15:31:23","slug":"milei-me-van-a-tener-que-sacar-muerto-de-la-rosada-para-quebrar-el-deficit-fiscal","status":"publish","type":"post","link":"https:\/\/www.actualidadadiario.com\/index.php\/2024\/06\/12\/milei-me-van-a-tener-que-sacar-muerto-de-la-rosada-para-quebrar-el-deficit-fiscal\/","title":{"rendered":"Milei: \u201cMe van a tener que sacar muerto de la Rosada para quebrar el d\u00e9ficit fiscal\u201d"},"content":{"rendered":"<p style=\"text-align: center;\"><em><strong>El Presidente ratific\u00f3 su pol\u00edtica econ\u00f3mica al exponer en la ExpoEFI 2024 en el predio ferial de La Rural<\/strong><\/em><\/p>\n<p>&nbsp;<\/p>\n<p>&nbsp;<\/p>\n<p>El presidente Javier Milei defendi\u00f3 su meta de alcanzar el d\u00e9ficit fiscal y plante\u00f3 que para quebrar su objetivo lo &#8220;van a tener que sacar muerto de la Rosada&#8221;. Lo hizo en el marco de su discurso en la ExpoEFI 2024 en el predio de La Rural.<\/p>\n<p>\u201cEl d\u00e9ficit cero no lo voy a entregar. Si las condiciones iniciales eran peor se en 2001, en t\u00e9rminos sociales y de actividad deber\u00eda ser una cat\u00e1strofe. Hicimos un ajuste m\u00e1s grande y s\u00f3lo fue una ca\u00edda del 7%. Deber\u00eda estar volado todo por el aire y se quejan de la gesti\u00f3n de (Sandra) Pettovello\u201d, desarroll\u00f3 el mandatario.<\/p>\n<p>Asimismo, defendi\u00f3 a su ministra estrella, Sandra Pettovello, destac\u00f3 la pol\u00edtica social del Ministerio de Capital Humano, y cuestion\u00f3 el rol de las organizaciones sociales que oficiaban de intermediarios entre el Estado y los sectores m\u00e1s vulnerables.<\/p>\n<p>\u201cPettovello decidi\u00f3 interrumpir la rendici\u00f3n de cuentas con la que se hab\u00eda trabajado. Fue castigada duramente pero tuvo que hacerlo para cortar con los gerentes de la pobreza\u201d, remarc\u00f3 el Presidente, y agreg\u00f3: &#8220;Le quit\u00f3 a los delincuentes el financiamiento y con esa plata le dimos el doble de asistencia a la gente&#8221;.<\/p>\n<p>Para Milei, los dirigentes sociales son \u201cun conjunto de chorros\u201d que administraban comedores que no exist\u00edan o que ment\u00edan en la capacidad informada y que \u201chac\u00edan negocios siniestros vendiendo la comida en supermercados cercanos\u201d.<\/p>\n<p>\u201c\u00bfDe qu\u00e9 lado estamos entonces? \u00bfDel lado de los chorros o de la ministra Pettovello que se est\u00e1 peleando con todos ellos?\u201d, se pregunt\u00f3.<\/p>\n<p>Por otra parte, prometi\u00f3 que si sale la Ley Bases que debate la C\u00e1mara de Senadores en el Congreso, eliminar\u00e1 el Impuesto Pa\u00eds.<\/p>\n<p>Casi sobre el final, el mandatario se mostr\u00f3 muy cr\u00edtico con los que calific\u00f3 como \u201clos detractores\u201d de sus recetas: \u201cPara todos esos que descreen de la econom\u00eda del mercado les dedico la frase de Maradona. Ojo que hay dos, hago referencia a una que se puede sintetizar en tres letras: LTA\u201d. Hizo uso de la hist\u00f3rica frase del astro del f\u00fatbol, Diego Maradona, quien le respondi\u00f3 \u201cla tenes adentro\u201d a un periodista que lo cuestionaba.<\/p>\n","protected":false},"excerpt":{"rendered":"<p>El Presidente ratific\u00f3 su pol\u00edtica econ\u00f3mica al exponer en la ExpoEFI 2024 en el predio ferial de La Rural &nbsp; &nbsp; El presidente Javier Milei defendi\u00f3 su meta de alcanzar el d\u00e9ficit fiscal y plante\u00f3 que para quebrar su objetivo lo &#8220;van a tener que sacar muerto de la Rosada&#8221;. Lo hizo en el marco de su discurso en la ExpoEFI 2024 en el predio de La Rural. \u201cEl d\u00e9ficit cero no lo voy a entregar. Si las condiciones iniciales eran peor se en 2001, en t\u00e9rminos sociales y de&#8230;<\/p>\n","protected":false},"author":3,"featured_media":116013,"comment_status":"closed","ping_status":"closed","sticky":false,"template":"","format":"standard","meta":[],"categories":[18],"tags":[],"_links":{"self":[{"href":"https:\/\/www.actualidadadiario.com\/index.php\/wp-json\/wp\/v2\/posts\/116012"}],"collection":[{"href":"https:\/\/www.actualidadadiario.com\/index.php\/wp-json\/wp\/v2\/posts"}],"about":[{"href":"https:\/\/www.actualidadadiario.com\/index.php\/wp-json\/wp\/v2\/types\/post"}],"author":[{"embeddable":true,"href":"https:\/\/www.actualidadadiario.com\/index.php\/wp-json\/wp\/v2\/users\/3"}],"replies":[{"embeddable":true,"href":"https:\/\/www.actualidadadiario.com\/index.php\/wp-json\/wp\/v2\/comments?post=116012"}],"version-history":[{"count":1,"href":"https:\/\/www.actualidadadiario.com\/index.php\/wp-json\/wp\/v2\/posts\/116012\/revisions"}],"predecessor-version":[{"id":116014,"href":"https:\/\/www.actualidadadiario.com\/index.php\/wp-json\/wp\/v2\/posts\/116012\/revisions\/116014"}],"wp:featuredmedia":[{"embeddable":true,"href":"https:\/\/www.actualidadadiario.com\/index.php\/wp-json\/wp\/v2\/media\/116013"}],"wp:attachment":[{"href":"https:\/\/www.actualidadadiario.com\/index.php\/wp-json\/wp\/v2\/media?parent=116012"}],"wp:term":[{"taxonomy":"category","embeddable":true,"href":"https:\/\/www.actualidadadiario.com\/index.php\/wp-json\/wp\/v2\/categories?post=116012"},{"taxonomy":"post_tag","embeddable":true,"href":"https:\/\/www.actualidadadiario.com\/index.php\/wp-json\/wp\/v2\/tags?post=116012"}],"curies":[{"name":"wp","href":"https:\/\/api.w.org\/{rel}","templated":true}]}}