{"id":116003,"date":"2024-06-12T12:23:54","date_gmt":"2024-06-12T15:23:54","guid":{"rendered":"https:\/\/www.actualidadadiario.com\/?p=116003"},"modified":"2024-06-12T12:23:54","modified_gmt":"2024-06-12T15:23:54","slug":"polemica-en-el-senado-lucila-crexell-confirmo-su-traspaso-a-la-unesco-pero-nego-que-sea-por-el-apoyo-a-la-ley-bases","status":"publish","type":"post","link":"https:\/\/www.actualidadadiario.com\/index.php\/2024\/06\/12\/polemica-en-el-senado-lucila-crexell-confirmo-su-traspaso-a-la-unesco-pero-nego-que-sea-por-el-apoyo-a-la-ley-bases\/","title":{"rendered":"Pol\u00e9mica en el Senado: Lucila Crexell confirm\u00f3 su traspaso a la UNESCO, pero neg\u00f3 que sea por el apoyo a la ley Bases"},"content":{"rendered":"<p style=\"text-align: center;\"><em><strong>La senadora neuquina confirm\u00f3 que &#8220;hubo una oferta y una aceptaci\u00f3n&#8221; para ir al organismo de la ONU. Sin embargo, aclar\u00f3: &#8220;No tiene que ver con la ley Bases&#8221;<\/strong><\/em><\/p>\n<p>&nbsp;<\/p>\n<p>&nbsp;<\/p>\n<p>En v\u00edsperas del debate por la ley Bases en la C\u00e1mara alta, la senadora Lucila Crexell confirm\u00f3 haber aceptado la propuesta del Poder Ejecutivo para ser designada como embajadora en la UNESCO, pero neg\u00f3 que su traspaso est\u00e9 vinculado con su apoyo al mega proyecto legislativo.<\/p>\n<p>&#8220;No es cierto eso. Es una negociaci\u00f3n que viene desde mucho tiempo antes. El a\u00f1o pasado exist\u00eda una posibilidad de que pudiera ir a un organismo internacional. Lo est\u00e1bamos trabajando con Patricia Bullrich. Cuando pierde, nos quedamos sin la posibilidad de hacer ese cambio en las gestiones&#8221;, se\u00f1al\u00f3 esta tarde la legisladora nacional en di\u00e1logo con el canal LN+.<\/p>\n<p>&nbsp;<\/p>\n<p><strong>\u00a0<\/strong><\/p>\n<p><strong>Confirm\u00f3 que acept\u00f3 el traspaso desde el Senado a la UNESCO<\/strong><\/p>\n<p>Luego del cambio de gobierno y con la llegada de Javier Milei a la Casa Rosada, el Poder Ejecutivo retom\u00f3 la discusi\u00f3n sobre su posible traspaso al organismo de Naciones Unidas. &#8220;En abril se retoma una posibilidad y me ofrecen un lugar&#8221;, dijo y agreg\u00f3: &#8220;Hubo una oferta y una aceptaci\u00f3n&#8221;.<\/p>\n<p>De todas maneras, la senadora rechaz\u00f3 de plano cualquier relaci\u00f3n con su apoyo a la ley que el Gobierno busca sancionar. &#8220;No tiene nada que ver con la negociaci\u00f3n de la ley Bases&#8221;, se\u00f1al\u00f3 y explic\u00f3 que fueron los gobernadores los que discutieron con el Ejecutivo sobre la ley.<\/p>\n<p>Crexell, alineada con el mandatario provincial de Neuqu\u00e9n, Rolando Figueroa, adelant\u00f3 que votar\u00e1 en general a favor de la ley Bases. &#8220;Es una cuesti\u00f3n que acord\u00e9 con el gobernador. Desde un primer momento sab\u00edamos que \u00edbamos a acompa\u00f1ar en general&#8221;, confirm\u00f3.<\/p>\n<p>Respecto a la votaci\u00f3n en particular, aclar\u00f3 que en un principio &#8220;ten\u00edamos algunas disidencias que se fueron trabajando&#8221;, aunque a\u00fan hay cuestiones que no fueron saldadas: &#8220;Todav\u00eda estamos intentando que se retire del listado de empresas privatizables a Aerol\u00edneas Argentinas. Por eso firmamos un dictamen en disidencia parcial para dejar la negociaci\u00f3n abierta siempre hasta \u00faltimo momento&#8221;.<\/p>\n<p>En cuanto a las versiones que indicaban que su llegada a la UNESCO est\u00e1 vinculada directamente a su apoyo a la ley Bases, Crexell no dud\u00f3 en afirmar que se tratan de &#8220;operaciones&#8221; y agreg\u00f3: &#8220;Si pensaban que con esto me a amedrentar o a correr de mis convicciones, lo \u00fanico que han logrado es fidelizar mi voto al compromiso asumido&#8221;.<\/p>\n","protected":false},"excerpt":{"rendered":"<p>La senadora neuquina confirm\u00f3 que &#8220;hubo una oferta y una aceptaci\u00f3n&#8221; para ir al organismo de la ONU. Sin embargo, aclar\u00f3: &#8220;No tiene que ver con la ley Bases&#8221; &nbsp; &nbsp; En v\u00edsperas del debate por la ley Bases en la C\u00e1mara alta, la senadora Lucila Crexell confirm\u00f3 haber aceptado la propuesta del Poder Ejecutivo para ser designada como embajadora en la UNESCO, pero neg\u00f3 que su traspaso est\u00e9 vinculado con su apoyo al mega proyecto legislativo. &#8220;No es cierto eso. Es una negociaci\u00f3n que viene desde mucho tiempo antes&#8230;.<\/p>\n","protected":false},"author":3,"featured_media":116004,"comment_status":"closed","ping_status":"closed","sticky":false,"template":"","format":"standard","meta":[],"categories":[18],"tags":[],"_links":{"self":[{"href":"https:\/\/www.actualidadadiario.com\/index.php\/wp-json\/wp\/v2\/posts\/116003"}],"collection":[{"href":"https:\/\/www.actualidadadiario.com\/index.php\/wp-json\/wp\/v2\/posts"}],"about":[{"href":"https:\/\/www.actualidadadiario.com\/index.php\/wp-json\/wp\/v2\/types\/post"}],"author":[{"embeddable":true,"href":"https:\/\/www.actualidadadiario.com\/index.php\/wp-json\/wp\/v2\/users\/3"}],"replies":[{"embeddable":true,"href":"https:\/\/www.actualidadadiario.com\/index.php\/wp-json\/wp\/v2\/comments?post=116003"}],"version-history":[{"count":1,"href":"https:\/\/www.actualidadadiario.com\/index.php\/wp-json\/wp\/v2\/posts\/116003\/revisions"}],"predecessor-version":[{"id":116005,"href":"https:\/\/www.actualidadadiario.com\/index.php\/wp-json\/wp\/v2\/posts\/116003\/revisions\/116005"}],"wp:featuredmedia":[{"embeddable":true,"href":"https:\/\/www.actualidadadiario.com\/index.php\/wp-json\/wp\/v2\/media\/116004"}],"wp:attachment":[{"href":"https:\/\/www.actualidadadiario.com\/index.php\/wp-json\/wp\/v2\/media?parent=116003"}],"wp:term":[{"taxonomy":"category","embeddable":true,"href":"https:\/\/www.actualidadadiario.com\/index.php\/wp-json\/wp\/v2\/categories?post=116003"},{"taxonomy":"post_tag","embeddable":true,"href":"https:\/\/www.actualidadadiario.com\/index.php\/wp-json\/wp\/v2\/tags?post=116003"}],"curies":[{"name":"wp","href":"https:\/\/api.w.org\/{rel}","templated":true}]}}