{"id":116000,"date":"2024-06-12T12:22:55","date_gmt":"2024-06-12T15:22:55","guid":{"rendered":"https:\/\/www.actualidadadiario.com\/?p=116000"},"modified":"2024-06-12T12:22:55","modified_gmt":"2024-06-12T15:22:55","slug":"ley-bases-por-que-el-viaje-de-javier-milei-al-g7-podria-complicar-aun-mas-la-votacion-en-caso-de-empate","status":"publish","type":"post","link":"https:\/\/www.actualidadadiario.com\/index.php\/2024\/06\/12\/ley-bases-por-que-el-viaje-de-javier-milei-al-g7-podria-complicar-aun-mas-la-votacion-en-caso-de-empate\/","title":{"rendered":"Ley Bases: por qu\u00e9 el viaje de Javier Milei al G7 podr\u00eda complicar a\u00fan m\u00e1s la votaci\u00f3n en caso de empate"},"content":{"rendered":"<p style=\"text-align: center;\"><em><strong>La partida del Presidente a la cumbre del G7 podr\u00eda sumar piedras en el camino. La vice se ver\u00eda obligada a asumir la jefatura de la Naci\u00f3n y un senador deber\u00eda votar dos veces. Qu\u00e9 dice el reglamento del Senado<\/strong><\/em><\/p>\n<p>&nbsp;<\/p>\n<p>&nbsp;<\/p>\n<p>Luego de la media sanci\u00f3n en Diputados, la ley Bases definir\u00e1 este mi\u00e9rcoles su futuro en el Senado con m\u00e1s dudas que certezas por parte de los legisladores pero tambi\u00e9n de las principales autoridades del Gobierno. El viaje de Javier Milei al G7 podr\u00eda complicar la votaci\u00f3n ante un eventual empate. Qu\u00e9 dice el reglamento.<\/p>\n<p>En v\u00edsperas del debate, la rebeli\u00f3n contra el qu\u00f3rum que iniciaron dos senadores de Santa Cruz elev\u00f3 los niveles de tensi\u00f3n e incertidumbre respecto a la aprobaci\u00f3n del mega proyecto enviado por segunda vez al Congreso por el Poder Ejecutivo. Los n\u00fameros provisorios muestran que La Libertad Avanza y la oposici\u00f3n dialoguista lograr\u00edan destrabar el inicio de la sesi\u00f3n, pero a\u00fan no est\u00e1n asegurados los votos finales.<\/p>\n<p>El poroteo actual muestra a los 33 senadores de Uni\u00f3n por la Patria votando por la negativa, a los que podr\u00edan sumarse los &#8220;d\u00edscolos&#8221; santacruce\u00f1os. La expresi\u00f3n por el rechazo estar\u00eda a tiro de alcanzar los 36 votos que obligar\u00edan a un desempate, posibilidad que crece minuto a minuto.<\/p>\n<p>Ante ese escenario, el reglamento de la C\u00e1mara alta se\u00f1ala que la definici\u00f3n deber\u00eda quedar en manos de la vicepresidenta de la Naci\u00f3n, Victoria Villarruel. Cabe recordar que en 2008, su predecesor, Julio Cobos, fue el encargado de desempatar por la negativa la legislaci\u00f3n que promov\u00eda las retenciones m\u00f3viles. Sin embargo, este mi\u00e9rcoles el escenario podr\u00eda ser diferente.<\/p>\n<p>&nbsp;<\/p>\n<p><strong>Ley Bases: el viaje de Milei a Italia, Villarruel y el doble voto de un senador<\/strong><\/p>\n<p>El viaje del presidente Milei a Italia para la cumbre del G7 est\u00e1 previsto para horas de la noche. Si el debate en el recinto se extiende lo suficiente, Villarruel podr\u00eda verse obligada a asumir la presidencia de la Naci\u00f3n ante la partida al exterior del libertario.<\/p>\n<p>De ocurrir un empate en la votaci\u00f3n en ausencia de la vicepresidenta, el reglamento determina que su lugar debe ser ocupado por el Presidente Provisional, cargo que actualmente est\u00e1 asignado a Bartolom\u00e9 Abdala, senador de La Libertad Avanza.<\/p>\n<p>De acuerdo al art\u00edculo 33 del reglamento, &#8220;en los casos en que la Presidencia del cuerpo es ejercida por un senador, corresponde que este vote en las cuestiones sometidas a resoluci\u00f3n de la C\u00e1mara, ejerciendo, en caso de empate de la votaci\u00f3n, el derecho de decidir la misma&#8221;. Es decir, la C\u00e1mara lo habilitar\u00eda a votar en dos oportunidades.<\/p>\n<p>Sin embargo, la Constituci\u00f3n Nacional plantea una posici\u00f3n diferente: &#8220;El Senado se compondr\u00e1 de tres senadores por cada provincia y tres por la ciudad de Buenos Aires, elegidos en forma directa y conjunta, correspondiendo dos bancas al partido pol\u00edtico que obtenga el mayor n\u00famero de votos, y la restante al partido pol\u00edtico que le siga en n\u00famero de votos. Cada senador tendr\u00e1 un voto&#8221;.<\/p>\n<p>La pol\u00e9mica respecto a la interpretaci\u00f3n del reglamento y la definici\u00f3n que ofrece la Carta Magna no tardar\u00e1 en surgir en caso de que ocurra un desempate y deba definir el senador Abdala.<\/p>\n<p>&nbsp;<\/p>\n<p><strong>La opini\u00f3n del candidato de Milei a la Corte Suprema sobre el doble voto de un senador<\/strong><\/p>\n<p>El Gobierno, si bien tiene de d\u00f3nde justificar su defensa, tambi\u00e9n tendr\u00e1 &#8220;fuego amigo&#8221;. Es que el candidato del presidente Javier Milei a juez de la Corte Suprema, Manuel Garc\u00eda Mansilla, plante\u00f3 recientemente la &#8220;inconstitucionalidad&#8221; de la doble votaci\u00f3n por parte de un legislador de la C\u00e1mara alta.<\/p>\n<p>En un hilo de &#8220;X&#8221;, el abogado Sebasti\u00e1n Guidi recuper\u00f3 un texto de Garc\u00eda Mansilla publicado en el portal EnDisidencia.com en el que el jurista, para argumentar la &#8220;inconstitucionalidad del voto m\u00faltiple del presidente provisorio del senado&#8221;, menciona que el art\u00edculo 54 en su \u00faltima oraci\u00f3n dice &#8220;Cada senador tendr\u00e1 un voto&#8221;.<\/p>\n<p>&#8220;Otorgar al presidente provisorio del Senado un voto de desempate, adem\u00e1s del voto que emite en su calidad de senador, viola claramente esa norma constitucional. Un voto es un voto, no dos. No hay otra forma de leer el texto constitucional. No estamos en presencia de lo que se suele denominar como un &#8220;caso dif\u00edcil&#8221;. Al contrario, estamos frente a un caso m\u00e1s que sencillo. La posibilidad de emitir dos votos no puede inferirse de ninguna norma constitucional, mucho menos cuando contradice directamente lo que dispone una de ellas&#8221;, sentencia el candidato a la Corte.<\/p>\n<p>Sin la certeza de la aprobaci\u00f3n, el Gobierno suma una nueva piedra en su camino debido al viaje del mandatario al exterior. Su salida podr\u00eda desencadenar una serie de sucesos desafortunados para el oficialismo. El futuro de la ley pende de un hilo, otra vez.<\/p>\n<p>&nbsp;<\/p>\n<p><strong>Federico Sturzenegger propuso desarmar la &#8220;corporaci\u00f3n empresarial, sindical y peronista&#8221; y habl\u00f3 de su rol en el Gobierno<\/strong><\/p>\n<p>El economista y asesor extraoficial de Javier Milei, Federico Sturzenegger, identific\u00f3 en la corporaci\u00f3n empresarial, el sindicalismo y el peronismo al &#8220;tri\u00e1ngulo de las Bermudas&#8221; que hay que desarmar y los acus\u00f3 de ser &#8220;agentes bloqueantes del cambio&#8221;. El economista tambi\u00e9n habl\u00f3 sobre la dolarizaci\u00f3n y su futuro rol como ministro.<\/p>\n<p>Al disertar en el cierre de la primera jornada del Foro &#8220;Renacer de la libertad en Argentina y el mundo&#8221;, que organiza la Fundaci\u00f3n Libertad y Progreso, el ex presidente del Banco Central dijo en consecuencia que el problema &#8220;no es de hace cien a\u00f1os, sino que nuestra generaci\u00f3n es la responsable de la debacle&#8221;.<\/p>\n<p>En ese sentido indic\u00f3 que la tr\u00edada comenz\u00f3 a operar &#8220;a fines de la d\u00e9cada del \u00b460&#8221; del siglo pasado y que &#8220;el gran responsable de esto es el presidente (Juan Carlos) Ongan\u00eda&#8221;, quien ejerci\u00f3 la dictadura entre 1966 y 1970. Sin embarg\u00f3, resalt\u00f3 que en las \u00faltimas elecciones la sociedad dijo &#8220;dijo \u00b4basta\u00b4: ese fue el mandato que recibi\u00f3 Milei&#8221;.<\/p>\n","protected":false},"excerpt":{"rendered":"<p>La partida del Presidente a la cumbre del G7 podr\u00eda sumar piedras en el camino. La vice se ver\u00eda obligada a asumir la jefatura de la Naci\u00f3n y un senador deber\u00eda votar dos veces. Qu\u00e9 dice el reglamento del Senado &nbsp; &nbsp; Luego de la media sanci\u00f3n en Diputados, la ley Bases definir\u00e1 este mi\u00e9rcoles su futuro en el Senado con m\u00e1s dudas que certezas por parte de los legisladores pero tambi\u00e9n de las principales autoridades del Gobierno. El viaje de Javier Milei al G7 podr\u00eda complicar la votaci\u00f3n ante&#8230;<\/p>\n","protected":false},"author":3,"featured_media":116001,"comment_status":"closed","ping_status":"closed","sticky":false,"template":"","format":"standard","meta":[],"categories":[9],"tags":[],"_links":{"self":[{"href":"https:\/\/www.actualidadadiario.com\/index.php\/wp-json\/wp\/v2\/posts\/116000"}],"collection":[{"href":"https:\/\/www.actualidadadiario.com\/index.php\/wp-json\/wp\/v2\/posts"}],"about":[{"href":"https:\/\/www.actualidadadiario.com\/index.php\/wp-json\/wp\/v2\/types\/post"}],"author":[{"embeddable":true,"href":"https:\/\/www.actualidadadiario.com\/index.php\/wp-json\/wp\/v2\/users\/3"}],"replies":[{"embeddable":true,"href":"https:\/\/www.actualidadadiario.com\/index.php\/wp-json\/wp\/v2\/comments?post=116000"}],"version-history":[{"count":1,"href":"https:\/\/www.actualidadadiario.com\/index.php\/wp-json\/wp\/v2\/posts\/116000\/revisions"}],"predecessor-version":[{"id":116002,"href":"https:\/\/www.actualidadadiario.com\/index.php\/wp-json\/wp\/v2\/posts\/116000\/revisions\/116002"}],"wp:featuredmedia":[{"embeddable":true,"href":"https:\/\/www.actualidadadiario.com\/index.php\/wp-json\/wp\/v2\/media\/116001"}],"wp:attachment":[{"href":"https:\/\/www.actualidadadiario.com\/index.php\/wp-json\/wp\/v2\/media?parent=116000"}],"wp:term":[{"taxonomy":"category","embeddable":true,"href":"https:\/\/www.actualidadadiario.com\/index.php\/wp-json\/wp\/v2\/categories?post=116000"},{"taxonomy":"post_tag","embeddable":true,"href":"https:\/\/www.actualidadadiario.com\/index.php\/wp-json\/wp\/v2\/tags?post=116000"}],"curies":[{"name":"wp","href":"https:\/\/api.w.org\/{rel}","templated":true}]}}