{"id":115987,"date":"2024-06-12T11:28:32","date_gmt":"2024-06-12T14:28:32","guid":{"rendered":"https:\/\/www.actualidadadiario.com\/?p=115987"},"modified":"2024-06-12T11:28:32","modified_gmt":"2024-06-12T14:28:32","slug":"ferreterias-y-corralones-bajaron-sus-ventas-un-30-y-no-logran-recuperarlas","status":"publish","type":"post","link":"https:\/\/www.actualidadadiario.com\/index.php\/2024\/06\/12\/ferreterias-y-corralones-bajaron-sus-ventas-un-30-y-no-logran-recuperarlas\/","title":{"rendered":"Ferreter\u00edas y corralones bajaron sus ventas un 30% y no logran recuperarlas"},"content":{"rendered":"<p style=\"text-align: center;\"><em><strong>Los precios se triplicaron desde diciembre. Parec\u00eda que hab\u00eda un respiro en abril, pero las subas volvieron en mayo. Alertan al Gobierno que frene los aumentos<\/strong><\/em><\/p>\n<p>&nbsp;<\/p>\n<p>&nbsp;<\/p>\n<p>El sector de ferreter\u00edas, corralones, venta de sanitarios y afines que re\u00fane a 15.000 comercios de todo el pa\u00eds encendi\u00f3 una luz roja. Est\u00e1n preocupados porque entre diciembre y febrero sus ventas cayeron un 30%. A eso se suma que los precios de los productos se triplicaron en los \u00faltimos seis meses. Y desde mayo, cuando parec\u00eda que todo se comenzaba a calmar volvieron las subas.<\/p>\n<p>Sergio Angiulli, presidente de la C\u00e1mara de Ferreter\u00edas y Afines de la Rep\u00fablica Argentina (CAFARA) se\u00f1al\u00f3: \u201cQueremos informar sobre el incremento de los precios en los productos de ferreter\u00eda en los \u00faltimos meses. A pesar de un notable descenso de la inflaci\u00f3n reportado, las ventas han experimentado una fuerte ca\u00edda. Aunque se ha restablecido el plazo tanto para compras como para ventas, lamentablemente las ventas no se han recuperado. Adem\u00e1s, observamos con preocupaci\u00f3n que los aumentos de precios en el sector superan la inflaci\u00f3n oficial proporcionada por el INDEC\u201d.<\/p>\n<p>Este sector que atiende al hogar y a la industria da trabajo a un promedio de 50.000 personas y vende entre 22.000 y 77.000 art\u00edculos. \u201cNuestras ventas cayeron un 30%, muy fuerte en diciembre y siguieron en baja en enero y febrero. En marzo se estabilizaron, en abril y mayo hubo un repunte de s\u00f3lo un 5%. Desde mayo notamos una suba en las ventas de un 10%. Solicitamos al equipo econ\u00f3mico del gobierno que tome en cuenta esta situaci\u00f3n para corregir el rumbo y evitar que la inflaci\u00f3n vuelva a alcanzar niveles inaceptables. En diciembre los aumentos fueron terribles, vino la ca\u00edda en las ventas y perdimos la temporada de verano que es la mejor\u201d, se\u00f1al\u00f3 el directivo.<\/p>\n<p>Algunas ferreter\u00edas cerraron sus puertas y cada puesto que se perdi\u00f3 en estos meses no fue reemplazado. El consumo de los clientes cambi\u00f3 \u201cla gente compra para hacer arreglos imprescindibles, ya no invierte en embellecer su casa. Compra lo que se le rompe y debe reparar, es como comer, no se puede dejar de hacerlo. Hubo una recuperaci\u00f3n, pero algunos sectores con productos que no son de primera necesidad como las pinturas o la cera para el piso de pinotea les cuesta mucho reactivarse\u201d, se\u00f1al\u00f3 el presidente de la CAFARA.<\/p>\n<p>A fines de mayo volvieron los aumentos, algo que sorprendi\u00f3 porque confiaban en la baja de la inflaci\u00f3n y hasta vieron que productos que hab\u00edan aumentado mucho, ante la falta de venta bajaron sus precios. Angiulli enumer\u00f3 las principales subas que tuvo que atravesar el sector: \u201cHubo muchos aumentos por arriba de la inflaci\u00f3n. Los adhesivos de toda clase fueron los que m\u00e1s aumentaron de precio, subieron un 15% en el \u00faltimo mes y medio. Las herramientas manuales treparon un 10%, igual que las pinturas, la buloner\u00eda.\u00a0 Los materiales de construcci\u00f3n aumentaron, el acero, entre otros. Los corralones ven\u00edan bien, pero la obra se cay\u00f3 enormemente y se sinti\u00f3 el impacto. Se suspendi\u00f3 la obra hasta en las casas de familias. Los ferreteros industriales tambi\u00e9n sintieron el impacto de la baja\u201d.<\/p>\n<p>\u201cCuando la gente tiene la capacidad de ahorrar nos beneficia porque gasta. Queremos alertar al Gobierno para que corrija lo que est\u00e1 pasando. Si no corrige las subas volvemos casi a una pre hiper. Se tienen que tomar medidas y necesitamos que nos ayuden a poder emplear m\u00e1s gente. Que nos ayuden a capacitarlos, queremos que vuelva la cultura del trabajo. Hay que despertar esas ganas en la gente. Necesitamos que frene la inflaci\u00f3n, en 2023 tuvimos subas de precios del 550%, en diciembre todos especulaban con los precios. En los \u00faltimos seis meses se triplicaron los precios, esto no puede seguir\u201d, apunto el representante de ferreter\u00edas y corralones.<\/p>\n","protected":false},"excerpt":{"rendered":"<p>Los precios se triplicaron desde diciembre. Parec\u00eda que hab\u00eda un respiro en abril, pero las subas volvieron en mayo. Alertan al Gobierno que frene los aumentos &nbsp; &nbsp; El sector de ferreter\u00edas, corralones, venta de sanitarios y afines que re\u00fane a 15.000 comercios de todo el pa\u00eds encendi\u00f3 una luz roja. Est\u00e1n preocupados porque entre diciembre y febrero sus ventas cayeron un 30%. A eso se suma que los precios de los productos se triplicaron en los \u00faltimos seis meses. Y desde mayo, cuando parec\u00eda que todo se comenzaba a&#8230;<\/p>\n","protected":false},"author":3,"featured_media":115988,"comment_status":"closed","ping_status":"closed","sticky":false,"template":"","format":"standard","meta":[],"categories":[2],"tags":[],"_links":{"self":[{"href":"https:\/\/www.actualidadadiario.com\/index.php\/wp-json\/wp\/v2\/posts\/115987"}],"collection":[{"href":"https:\/\/www.actualidadadiario.com\/index.php\/wp-json\/wp\/v2\/posts"}],"about":[{"href":"https:\/\/www.actualidadadiario.com\/index.php\/wp-json\/wp\/v2\/types\/post"}],"author":[{"embeddable":true,"href":"https:\/\/www.actualidadadiario.com\/index.php\/wp-json\/wp\/v2\/users\/3"}],"replies":[{"embeddable":true,"href":"https:\/\/www.actualidadadiario.com\/index.php\/wp-json\/wp\/v2\/comments?post=115987"}],"version-history":[{"count":1,"href":"https:\/\/www.actualidadadiario.com\/index.php\/wp-json\/wp\/v2\/posts\/115987\/revisions"}],"predecessor-version":[{"id":115989,"href":"https:\/\/www.actualidadadiario.com\/index.php\/wp-json\/wp\/v2\/posts\/115987\/revisions\/115989"}],"wp:featuredmedia":[{"embeddable":true,"href":"https:\/\/www.actualidadadiario.com\/index.php\/wp-json\/wp\/v2\/media\/115988"}],"wp:attachment":[{"href":"https:\/\/www.actualidadadiario.com\/index.php\/wp-json\/wp\/v2\/media?parent=115987"}],"wp:term":[{"taxonomy":"category","embeddable":true,"href":"https:\/\/www.actualidadadiario.com\/index.php\/wp-json\/wp\/v2\/categories?post=115987"},{"taxonomy":"post_tag","embeddable":true,"href":"https:\/\/www.actualidadadiario.com\/index.php\/wp-json\/wp\/v2\/tags?post=115987"}],"curies":[{"name":"wp","href":"https:\/\/api.w.org\/{rel}","templated":true}]}}