{"id":115970,"date":"2024-06-12T10:52:05","date_gmt":"2024-06-12T13:52:05","guid":{"rendered":"https:\/\/www.actualidadadiario.com\/?p=115970"},"modified":"2024-06-12T10:52:05","modified_gmt":"2024-06-12T13:52:05","slug":"debatiran-en-comision-el-regimen-de-acceso-a-la-informacion-publica-que-impulsa-el-ejecutivo-2","status":"publish","type":"post","link":"https:\/\/www.actualidadadiario.com\/index.php\/2024\/06\/12\/debatiran-en-comision-el-regimen-de-acceso-a-la-informacion-publica-que-impulsa-el-ejecutivo-2\/","title":{"rendered":"Debatir\u00e1n en comisi\u00f3n el r\u00e9gimen de acceso a la informaci\u00f3n p\u00fablica que impulsa el Ejecutivo"},"content":{"rendered":"<p style=\"text-align: center;\"><em><strong>Este mi\u00e9rcoles los integrantes de la Comisi\u00f3n de Asuntos Constitucionales de la C\u00e1mara de Diputados dar\u00e1n tratamiento al proyecto de ley que impulsa el Poder Ejecutivo para reglamentar el Derecho de Acceso a la Informaci\u00f3n P\u00fablica. Ser\u00e1 a partir de las 15<\/strong><\/em><\/p>\n<p>&nbsp;<\/p>\n<p>&nbsp;<\/p>\n<p>&nbsp;<\/p>\n<p>Este mi\u00e9rcoles las y los diputados provinciales debatir\u00e1n sobre el proyecto de ley R\u00e9gimen Legal de Acceso a la Informaci\u00f3n P\u00fablica. Ser\u00e1 a partir de las 15 cuando se re\u00fana la Comisi\u00f3n de Asuntos Constitucionales.<\/p>\n<p>La iniciativa que impulsa el Poder Ejecutivo, tiene por objeto \u201cgarantizar el efectivo ejercicio del derecho de acceso informal y gratuito a la informaci\u00f3n p\u00fablica, completa, veraz, adecuada y oportuna, que estuviera en poder de cualquiera de los poderes u \u00f3rganos, entes o empresas del Estado, municipios, comunas y universidades\u201d.<\/p>\n<p>Para ello, el proyecto contempla la creaci\u00f3n de la Oficina de Acceso a la Informaci\u00f3n<\/p>\n<p>P\u00fablica (OAIP), que funcionar\u00e1 en el \u00e1mbito del Ministerio de Gobierno y Trabajo, y tendr\u00e1 la tarea espec\u00edfica de \u201cgarantizar el efectivo ejercicio del derecho de acceso a la informaci\u00f3n p\u00fablica y promover medidas de transparencia activa\u201d.<\/p>\n<p>En la justificaci\u00f3n, la norma asegura que si bien, para el \u00e1mbito del Poder Ejecutivo se encuentra vigente el Decreto 1169\/2005, \u201cresulta necesario avanzar en una normativa de rango legislativo general\u201d.<\/p>\n<p>\u201cNuestra provincia tiene una deuda pendiente en esta materia, a esta altura inadmisible, que requiere urgente tratamiento para cumplimentar, de una vez por todas, la manda constitucional\u201d, asegura.<\/p>\n<p>Seg\u00fan se indica, el proyecto est\u00e1 inspirado en la Ley Nacional N\u00ba 27.275 de Acceso a la Informaci\u00f3n P\u00fablica, \u201cla que ha sido tomada como base, enriqueci\u00e9ndolo con propuestas de otros proyectos que han pasado por nuestra legislatura, con el fin de ajustarse a la realidad y necesidades de nuestra Provincia\u201d.<\/p>\n","protected":false},"excerpt":{"rendered":"<p>Este mi\u00e9rcoles los integrantes de la Comisi\u00f3n de Asuntos Constitucionales de la C\u00e1mara de Diputados dar\u00e1n tratamiento al proyecto de ley que impulsa el Poder Ejecutivo para reglamentar el Derecho de Acceso a la Informaci\u00f3n P\u00fablica. Ser\u00e1 a partir de las 15 &nbsp; &nbsp; &nbsp; Este mi\u00e9rcoles las y los diputados provinciales debatir\u00e1n sobre el proyecto de ley R\u00e9gimen Legal de Acceso a la Informaci\u00f3n P\u00fablica. Ser\u00e1 a partir de las 15 cuando se re\u00fana la Comisi\u00f3n de Asuntos Constitucionales. La iniciativa que impulsa el Poder Ejecutivo, tiene por objeto&#8230;<\/p>\n","protected":false},"author":3,"featured_media":90232,"comment_status":"closed","ping_status":"closed","sticky":false,"template":"","format":"standard","meta":[],"categories":[15],"tags":[],"_links":{"self":[{"href":"https:\/\/www.actualidadadiario.com\/index.php\/wp-json\/wp\/v2\/posts\/115970"}],"collection":[{"href":"https:\/\/www.actualidadadiario.com\/index.php\/wp-json\/wp\/v2\/posts"}],"about":[{"href":"https:\/\/www.actualidadadiario.com\/index.php\/wp-json\/wp\/v2\/types\/post"}],"author":[{"embeddable":true,"href":"https:\/\/www.actualidadadiario.com\/index.php\/wp-json\/wp\/v2\/users\/3"}],"replies":[{"embeddable":true,"href":"https:\/\/www.actualidadadiario.com\/index.php\/wp-json\/wp\/v2\/comments?post=115970"}],"version-history":[{"count":1,"href":"https:\/\/www.actualidadadiario.com\/index.php\/wp-json\/wp\/v2\/posts\/115970\/revisions"}],"predecessor-version":[{"id":115971,"href":"https:\/\/www.actualidadadiario.com\/index.php\/wp-json\/wp\/v2\/posts\/115970\/revisions\/115971"}],"wp:featuredmedia":[{"embeddable":true,"href":"https:\/\/www.actualidadadiario.com\/index.php\/wp-json\/wp\/v2\/media\/90232"}],"wp:attachment":[{"href":"https:\/\/www.actualidadadiario.com\/index.php\/wp-json\/wp\/v2\/media?parent=115970"}],"wp:term":[{"taxonomy":"category","embeddable":true,"href":"https:\/\/www.actualidadadiario.com\/index.php\/wp-json\/wp\/v2\/categories?post=115970"},{"taxonomy":"post_tag","embeddable":true,"href":"https:\/\/www.actualidadadiario.com\/index.php\/wp-json\/wp\/v2\/tags?post=115970"}],"curies":[{"name":"wp","href":"https:\/\/api.w.org\/{rel}","templated":true}]}}