{"id":115966,"date":"2024-06-12T10:50:09","date_gmt":"2024-06-12T13:50:09","guid":{"rendered":"https:\/\/www.actualidadadiario.com\/?p=115966"},"modified":"2024-06-12T10:50:09","modified_gmt":"2024-06-12T13:50:09","slug":"el-gobierno-provincial-solicito-un-listado-de-empleados-que-adhieran-al-paro-nacional","status":"publish","type":"post","link":"https:\/\/www.actualidadadiario.com\/index.php\/2024\/06\/12\/el-gobierno-provincial-solicito-un-listado-de-empleados-que-adhieran-al-paro-nacional\/","title":{"rendered":"El Gobierno provincial solicit\u00f3 un listado de empleados que adhieran al paro nacional"},"content":{"rendered":"<p style=\"text-align: center;\"><em><strong>El pasado 21 de mayo la Direcci\u00f3n General de Recursos Humanos emiti\u00f3 una Circular indicando la \u201cnecesidad\u201d de un listado de agentes que se sumen a paros nacionales y provinciales. Dentro de esta disposici\u00f3n, cabe la medida de fuerza anunciada por la CGT, CTA, ATE y Agmer para este mi\u00e9rcoles a fin de oponerse al proyecto Ley Bases que ser\u00e1 tratado en el Senado<\/strong><\/em><\/p>\n<p>&nbsp;<\/p>\n<p>&nbsp;<\/p>\n<p>Este mi\u00e9rcoles, la CGT, la CTA, ATE y Agmer realizar\u00e1n paro y movilizaci\u00f3n en reclamo a la Ley Bases que se debatir\u00e1 en el Senado en b\u00fasqueda de darle la sanci\u00f3n definitiva. De acuerdo a la Circular N\u00ba2\/2024 emitida el pasado 21 de mayo por Direcci\u00f3n General de Recursos Humanos, todo aquel agente que se adhiera a estas medidas formara parte de un listado que ser\u00e1 enviado al organismo.<\/p>\n<p>Para esta Direcci\u00f3n, que depende de la Secretaria de Trabajo y Seguridad Social ese listado es \u201cfundamental para garantizar un adecuado registro de la situaci\u00f3n laboral de los agentes\u201d.<\/p>\n","protected":false},"excerpt":{"rendered":"<p>El pasado 21 de mayo la Direcci\u00f3n General de Recursos Humanos emiti\u00f3 una Circular indicando la \u201cnecesidad\u201d de un listado de agentes que se sumen a paros nacionales y provinciales. Dentro de esta disposici\u00f3n, cabe la medida de fuerza anunciada por la CGT, CTA, ATE y Agmer para este mi\u00e9rcoles a fin de oponerse al proyecto Ley Bases que ser\u00e1 tratado en el Senado &nbsp; &nbsp; Este mi\u00e9rcoles, la CGT, la CTA, ATE y Agmer realizar\u00e1n paro y movilizaci\u00f3n en reclamo a la Ley Bases que se debatir\u00e1 en el&#8230;<\/p>\n","protected":false},"author":3,"featured_media":90694,"comment_status":"closed","ping_status":"closed","sticky":false,"template":"","format":"standard","meta":[],"categories":[15],"tags":[],"_links":{"self":[{"href":"https:\/\/www.actualidadadiario.com\/index.php\/wp-json\/wp\/v2\/posts\/115966"}],"collection":[{"href":"https:\/\/www.actualidadadiario.com\/index.php\/wp-json\/wp\/v2\/posts"}],"about":[{"href":"https:\/\/www.actualidadadiario.com\/index.php\/wp-json\/wp\/v2\/types\/post"}],"author":[{"embeddable":true,"href":"https:\/\/www.actualidadadiario.com\/index.php\/wp-json\/wp\/v2\/users\/3"}],"replies":[{"embeddable":true,"href":"https:\/\/www.actualidadadiario.com\/index.php\/wp-json\/wp\/v2\/comments?post=115966"}],"version-history":[{"count":1,"href":"https:\/\/www.actualidadadiario.com\/index.php\/wp-json\/wp\/v2\/posts\/115966\/revisions"}],"predecessor-version":[{"id":115967,"href":"https:\/\/www.actualidadadiario.com\/index.php\/wp-json\/wp\/v2\/posts\/115966\/revisions\/115967"}],"wp:featuredmedia":[{"embeddable":true,"href":"https:\/\/www.actualidadadiario.com\/index.php\/wp-json\/wp\/v2\/media\/90694"}],"wp:attachment":[{"href":"https:\/\/www.actualidadadiario.com\/index.php\/wp-json\/wp\/v2\/media?parent=115966"}],"wp:term":[{"taxonomy":"category","embeddable":true,"href":"https:\/\/www.actualidadadiario.com\/index.php\/wp-json\/wp\/v2\/categories?post=115966"},{"taxonomy":"post_tag","embeddable":true,"href":"https:\/\/www.actualidadadiario.com\/index.php\/wp-json\/wp\/v2\/tags?post=115966"}],"curies":[{"name":"wp","href":"https:\/\/api.w.org\/{rel}","templated":true}]}}