{"id":115963,"date":"2024-06-12T10:49:20","date_gmt":"2024-06-12T13:49:20","guid":{"rendered":"https:\/\/www.actualidadadiario.com\/?p=115963"},"modified":"2024-06-12T10:49:33","modified_gmt":"2024-06-12T13:49:33","slug":"gripe-a-en-entre-rios-crecen-los-casos-en-ninos-y-adultos-jovenes","status":"publish","type":"post","link":"https:\/\/www.actualidadadiario.com\/index.php\/2024\/06\/12\/gripe-a-en-entre-rios-crecen-los-casos-en-ninos-y-adultos-jovenes\/","title":{"rendered":"Gripe A en Entre R\u00edos: crecen los casos en ni\u00f1os y adultos j\u00f3venes"},"content":{"rendered":"<p style=\"text-align: center;\"><em><strong>El director de Epidemiolog\u00eda de Entre R\u00edos, Diego Garcilazo, explic\u00f3 que \u201cvan a haber cuadros que van a ir en aumento de los contagios hasta finales de julio\u201d<\/strong><\/em><\/p>\n<p>&nbsp;<\/p>\n<p>&nbsp;<\/p>\n<p>Los hospitales y centros de salud de la provincia de Entre R\u00edos se llen\u00f3 de consultas por virus estacionales y muy t\u00edpicos de invierno, como lo es la Gripe A.<\/p>\n<p>Diego Garcilazo, director de Epidemiolog\u00eda de Entre R\u00edos, expres\u00f3 en primer lugar: \u201cEstamos entrando en la temporada de circulaci\u00f3n de gripe. Estamos evaluando que requieren internaci\u00f3n para saber qu\u00e9 virus est\u00e1 circulando y lo que estamos detectando son m\u00e1s casos de influenza A. Tuvimos al principio de a\u00f1o algunos casos de Covid, despu\u00e9s hace dos o tres semanas empez\u00f3 a aparecer y hoy es el que predomina. La mayor\u00eda de los cuadros respiratorios agudos que hay en la guardia est\u00e1n relacionados a este tipo de virus\u201d.<\/p>\n<p>Acerca de las caracter\u00edsticas de este virus, resalt\u00f3: \u201cEs un virus estacional, es decir, que todos los inviernos se da este tipo de gripe. Por eso circula siempre todos los a\u00f1os se hace la vacunaci\u00f3n antigripal. Este a\u00f1o empez\u00f3 en marzo para estar protegidos\u201d. Asimismo, hizo hincapi\u00e9 en la proyecci\u00f3n de los pr\u00f3ximos meses: \u201cVan a haber cuadros que van a ir en aumento de los contagios hasta finales de julio, cuando comienza a descender la curva de contagios. Es cuando m\u00e1s la gente se tiene que cuidar y proteger\u201d.<\/p>\n<p>Asimismo, puntualiz\u00f3 c\u00f3mo comienza a verse los casos en la provincia: \u201cSiempre hay una curva creciente en mayo, donde empieza a verse todos los a\u00f1os. Aumenta entre un 20 y un 30 por ciento semanalmente el n\u00famero de contagios. Eso ocurre hasta final de julio. Despu\u00e9s empieza a bajar hasta que empieza la temporada de primavera, donde los contagios son menos\u201d.<\/p>\n<p>Por otro lado, precis\u00f3 cu\u00e1l es el n\u00famero de atenciones por gripe en la provincia: \u201cLo que est\u00e1n diciendo los directores de hospitales es que est\u00e1 aumentando mucho la consulta, sobre todo de paciente ambulatorio, es decir, que no requiere internaci\u00f3n. Aproximadamente entre 500 y 600 consultas, que para lo que tiene Concepci\u00f3n del Uruguay es un n\u00famero muy importante\u201d.<\/p>\n<p>&nbsp;<\/p>\n<p><strong>Recomendaciones ante s\u00edntomas de gripe<\/strong><\/p>\n<p>Por un lado, record\u00f3 qu\u00e9 s\u00edntomas son los habituales: \u201cTos, dolor de garganta y fiebre es lo m\u00e1s com\u00fan. Hay que tener en cuenta que cu\u00e1ndo reci\u00e9n empieza el cuadro, m\u00e1s si es una persona que no tiene ning\u00fan factor de riesgo no es una urgencia. No hay que ir a una guardia, puede esperar uno o dos d\u00edas hasta que lo puedan ver en un consultorio privado o p\u00fablico.\u201d.<\/p>\n<p>\u201cSiempre recomendamos la consulta m\u00e9dica, sobre todo para indicar un tratamiento espec\u00edfico que requiera y evaluar alg\u00fan signo que le llame la atenci\u00f3n y que la persona requiera alg\u00fan estudio complementario (an\u00e1lisis, radiograf\u00eda o un estudio m\u00e1s espec\u00edfico)\u201d, inform\u00f3.<\/p>\n<p>&nbsp;<\/p>\n<p><strong>El rango etario m\u00e1s afectado por la gripe A<\/strong><\/p>\n<p>Al respecto, el director de Epidemiolog\u00eda explic\u00f3 que los casos generalmente \u201cse est\u00e1n dando mucho en la poblaci\u00f3n pedi\u00e1trica, muchas consultas en ni\u00f1os y en adultos j\u00f3venes. Es el grupo que m\u00e1s consulta porque es el m\u00e1s activo porque van a escuelas y que trabajan. Tienen mayor actividad y mayor posibilidad de contagio y son las que m\u00e1s consultan\u201d.<\/p>\n<p>Por otra parte, manifest\u00f3 que \u201clos que tienen m\u00e1s riesgos son los menores de dos a\u00f1os y las personas m\u00e1s grandes o que tengan una enfermedad concomitante\u201d. Al respecto, concluy\u00f3 que \u201cestos casos son los que pueden llegar a pasar a ser de una gripe com\u00fan a una neumon\u00eda o alguna complicaci\u00f3n que requiera internaci\u00f3n. Hay que estar muy atento a ver qui\u00e9n es la persona que se enferma\u201d.<\/p>\n<p>&nbsp;<\/p>\n<p><strong>\u00bfC\u00f3mo circula el virus?<\/strong><\/p>\n<p>Garcilazo coment\u00f3 que este virus se pasa por contacto: \u201cEs un virus que se contagia de persona a persona. En general, tiene que ver con el contagio a trav\u00e9s de la tos, incluso por tocar cosas que han estado contaminadas. Por ejemplo, una persona que ha estado tosiendo en un escritorio, uno va y apoya la mano, se toca las manos en las caras y el virus puede ingresar al virus. Por la v\u00eda respiratoria, es la forma m\u00e1s com\u00fan que tiene el virus\u201d.<\/p>\n<p>&nbsp;<\/p>\n<p><strong>\u00bfQu\u00e9 grupos pueden vacunarse y a d\u00f3nde acudir?<\/strong><\/p>\n<p>En orden de importancia, el profesional explic\u00f3 que \u201clo primero es estar bien vacunado. Si est\u00e1 dentro de los grupos de riesgo, nuestra provincia y nuestro pa\u00eds, la vacuna de la gripe es gratuita para los grupos de riesgo. Las personas entre seis meses y dos a\u00f1os tienen la vacuna gratuita en cualquier centro de salud o cualquier lugar que tenga vacunatorio. Las embarazadas es otro grupo muy importante o las mujeres que hayan tenido un beb\u00e9 los \u00faltimos diez d\u00edas, tambi\u00e9n se tiene que vacunar. Despu\u00e9s, las personas de 65 a\u00f1os o m\u00e1s\u201d.<\/p>\n<p>En el mismo tiempo, recalc\u00f3 que \u201cla vacuna tiene 15 d\u00edas hasta que empieza a hacer efecto. Los anticuerpos no aparecen de un d\u00eda para el otro. Es importante vacunarse en estos momentos, cuando est\u00e1n empezando a aumentar los casos\u201d.<\/p>\n<p>En \u00faltima instancia, precis\u00f3: \u201cHay vacuna disponible. Hay que acordarse de que no solo hay que vacunarse contra la gripe, sino que tambi\u00e9n para el Covid y las personas de 65 a\u00f1os la de neumon\u00eda. Tambi\u00e9n se incorpor\u00f3 este a\u00f1o que es muy importante por otro virus que est\u00e1 circulando en los ni\u00f1os menores de dos a\u00f1os, hoy tenemos otra vacuna que se aplica entre los 32 y 36 semanas a las embarazadas. Pasan los anticuerpos a trav\u00e9s de la placenta y los chicos van a estar protegidos durante los primeros seis meses de vida. Esas son las cuatro principales vacunas que hay que tener durante el invierno: gripe, Covid, sincicial respiratorio y la neumon\u00eda\u201d.<\/p>\n","protected":false},"excerpt":{"rendered":"<p>El director de Epidemiolog\u00eda de Entre R\u00edos, Diego Garcilazo, explic\u00f3 que \u201cvan a haber cuadros que van a ir en aumento de los contagios hasta finales de julio\u201d &nbsp; &nbsp; Los hospitales y centros de salud de la provincia de Entre R\u00edos se llen\u00f3 de consultas por virus estacionales y muy t\u00edpicos de invierno, como lo es la Gripe A. Diego Garcilazo, director de Epidemiolog\u00eda de Entre R\u00edos, expres\u00f3 en primer lugar: \u201cEstamos entrando en la temporada de circulaci\u00f3n de gripe. Estamos evaluando que requieren internaci\u00f3n para saber qu\u00e9 virus&#8230;<\/p>\n","protected":false},"author":3,"featured_media":92921,"comment_status":"closed","ping_status":"closed","sticky":false,"template":"","format":"standard","meta":[],"categories":[15],"tags":[],"_links":{"self":[{"href":"https:\/\/www.actualidadadiario.com\/index.php\/wp-json\/wp\/v2\/posts\/115963"}],"collection":[{"href":"https:\/\/www.actualidadadiario.com\/index.php\/wp-json\/wp\/v2\/posts"}],"about":[{"href":"https:\/\/www.actualidadadiario.com\/index.php\/wp-json\/wp\/v2\/types\/post"}],"author":[{"embeddable":true,"href":"https:\/\/www.actualidadadiario.com\/index.php\/wp-json\/wp\/v2\/users\/3"}],"replies":[{"embeddable":true,"href":"https:\/\/www.actualidadadiario.com\/index.php\/wp-json\/wp\/v2\/comments?post=115963"}],"version-history":[{"count":2,"href":"https:\/\/www.actualidadadiario.com\/index.php\/wp-json\/wp\/v2\/posts\/115963\/revisions"}],"predecessor-version":[{"id":115965,"href":"https:\/\/www.actualidadadiario.com\/index.php\/wp-json\/wp\/v2\/posts\/115963\/revisions\/115965"}],"wp:featuredmedia":[{"embeddable":true,"href":"https:\/\/www.actualidadadiario.com\/index.php\/wp-json\/wp\/v2\/media\/92921"}],"wp:attachment":[{"href":"https:\/\/www.actualidadadiario.com\/index.php\/wp-json\/wp\/v2\/media?parent=115963"}],"wp:term":[{"taxonomy":"category","embeddable":true,"href":"https:\/\/www.actualidadadiario.com\/index.php\/wp-json\/wp\/v2\/categories?post=115963"},{"taxonomy":"post_tag","embeddable":true,"href":"https:\/\/www.actualidadadiario.com\/index.php\/wp-json\/wp\/v2\/tags?post=115963"}],"curies":[{"name":"wp","href":"https:\/\/api.w.org\/{rel}","templated":true}]}}