{"id":115959,"date":"2024-06-12T10:48:27","date_gmt":"2024-06-12T13:48:27","guid":{"rendered":"https:\/\/www.actualidadadiario.com\/?p=115959"},"modified":"2024-06-12T10:48:42","modified_gmt":"2024-06-12T13:48:42","slug":"frigerio-hizo-una-revision-de-los-seis-primeros-meses-de-gestion","status":"publish","type":"post","link":"https:\/\/www.actualidadadiario.com\/index.php\/2024\/06\/12\/frigerio-hizo-una-revision-de-los-seis-primeros-meses-de-gestion\/","title":{"rendered":"Frigerio hizo una revisi\u00f3n de los seis primeros meses de gesti\u00f3n"},"content":{"rendered":"<p style=\"text-align: center;\"><em><strong>El gobernador Rogelio Frigerio enumer\u00f3 los principales \u00edtems en los que el equipo de labor que encabeza ya obtuvo logros. Tambi\u00e9n se refiri\u00f3 a aquellos en los que est\u00e1 trabajando para cumplir con el mandamiento otorgado por la poblaci\u00f3n entrerriana<\/strong><\/em><\/p>\n<p>&nbsp;<\/p>\n<p>&nbsp;<\/p>\n<p>A seis meses de haber asumido el mandato, el titular del Poder Ejecutivo entrerriano extract\u00f3 las acciones m\u00e1s significativas en las que su gesti\u00f3n puso el foco, enfatizando su esp\u00edritu de gobierno din\u00e1mico y comprometido con cumplir sus promesas.<\/p>\n<p>&nbsp;<\/p>\n<p><strong>Austeridad, transparencia, apertura y modernizaci\u00f3n<\/strong><\/p>\n<p>Respecto a uno de sus ejes principales, el del compromiso de ser el gobierno &#8220;m\u00e1s austero, m\u00e1s transparente, m\u00e1s abierto y m\u00e1s moderno&#8221; de la historia de Entre R\u00edos, Frigerio insisti\u00f3 en que &#8220;se puede gestionar sin plata y lo estamos demostrando todos los d\u00edas&#8221;.<\/p>\n<p>En ese marco, indic\u00f3 los avances en la presentaci\u00f3n de proyectos de ley en el Poder Legislativo, tales como: la eliminaci\u00f3n de las jubilaciones de privilegio, la reforma pol\u00edtica y electoral, el de \u00e9tica p\u00fablica y ficha limpia, y el de transici\u00f3n de gobierno.<\/p>\n<p>Como ejemplo, cit\u00f3 que, por primera vez un gobernador de la provincia estamp\u00f3 su firma digital y puso en marcha un convenio con Naci\u00f3n para generar un sistema de expediente electr\u00f3nico.<\/p>\n<p>&nbsp;<\/p>\n<p><strong>Contrato moral con la ciudadan\u00eda<\/strong><\/p>\n<p>Frigerio hab\u00eda prometido terminar con los privilegios para todos los pol\u00edticos. &#8220;Hemos avanzado much\u00edsimo en t\u00e9rminos de transparencia de la gesti\u00f3n, con hechos concretos, con decisiones pol\u00edticas y tambi\u00e9n con discusiones en la Legislatura provincial&#8221;, destac\u00f3.<\/p>\n<p>Fue referencia, por ejemplo, al proyecto de ley presentado en el Poder Legislativo para derogar la pensi\u00f3n vitalicia para gobernadores y vicegobernadores de la provincia. Del mismo modo, al ordenamiento del sistema de las adscripciones de docentes, eliminando a 1.000 de las 1.300 que hab\u00eda, generando un ahorro de 500 millones de pesos por mes para ser reinvertidos en mejor calidad educativa.<\/p>\n<p>&nbsp;<\/p>\n<p><strong>Trabajo<\/strong><\/p>\n<p>En cuanto a la generaci\u00f3n de trabajo y acompa\u00f1amiento al sector productivo, destac\u00f3 el otorgamiento de l\u00edneas de cr\u00e9dito por 5.000 millones de pesos para nuestros peque\u00f1os y medianos productores, con una tasa muy conveniente, del 16.17 por ciento, subsidiada por la provincia.<\/p>\n<p>Tambi\u00e9n la sanci\u00f3n de la ley para destinar el 50 por ciento de lo recaudado por el impuesto inmobiliario rural para mejorar los caminos de la producci\u00f3n. &#8220;De hecho, ya recuperamos m\u00e1s de 50 m\u00e1quinas viales e intervenimos miles kil\u00f3metros en estos meses&#8221;, acot\u00f3.<\/p>\n<p>&nbsp;<\/p>\n<p><strong>Educaci\u00f3n<\/strong><\/p>\n<p>Haciendo referencia a otra l\u00ednea central, la educaci\u00f3n, el mandatario dio cuenta de la puesta en marcha del Plan Provincial de Alfabetizaci\u00f3n, para alumnos del nivel primario, con la entrega de m\u00e1s de 100.000 libros en 500 escuelas de la provincia.<\/p>\n<p>&nbsp;<\/p>\n<p><strong>&#8220;Cuidar a los que nos cuidan&#8221;<\/strong><\/p>\n<p>Fue una frase insistente del gobernador para reconocer la labor de polic\u00edas. Se reasign\u00f3 a la fuerza veh\u00edculos que funcionarios de anteriores gestiones utilizaron para uso personal y se decidieron aumentos a personal policial de los c\u00f3digos 286 (que establece las tareas de riesgo) y 244 (para los cargos de conducci\u00f3n), m\u00e1s la suma fija.<\/p>\n<p>A su vez, tom\u00f3 la decisi\u00f3n pol\u00edtica de que &#8220;nuestra Polic\u00eda est\u00e9 en la calle&#8221; y anunci\u00f3, en el marco del reordenamiento, la creaci\u00f3n de la Carrera Administrativa en la Fuerza Policial.<\/p>\n<p>En cuanto a los enfermeros, Rogelio Frigerio anunci\u00f3 que se decidi\u00f3 pagar m\u00e1s de 1.500 millones de pesos al personal por los francos acumulados a\u00f1os anteriores, metodolog\u00eda que se utilizaba como retribuci\u00f3n por el trabajo fuera de horario. Adem\u00e1s, para poner fin a esa pr\u00e1ctica, de ahora en m\u00e1s, dispuso la implementaci\u00f3n del \u00edtem Prolongaci\u00f3n de Jornada Laboral.<\/p>\n<p>&nbsp;<\/p>\n<p><strong>Obra p\u00fablica<\/strong><\/p>\n<p>&#8220;Necesitamos un Estado al que realmente estas cosas le importen y que, con gesti\u00f3n, empiece a cambiar esta realidad&#8221;, se\u00f1al\u00f3 incontables veces sobre esta tem\u00e1tica.<\/p>\n<p>Af\u00edn a esto, se logr\u00f3 un acuerdo con las empresas contratistas para pagar la abultada deuda heredada y reactivar la obra p\u00fablica en la provincia. Tambi\u00e9n se avanz\u00f3 en un plan estrat\u00e9gico para la obra p\u00fablica entre el sector p\u00fablico y privado.<\/p>\n<p>&nbsp;<\/p>\n<p><strong>&#8220;Defender lo nuestro&#8221;<\/strong><\/p>\n<p>Fue el concepto elegido por Frigerio para mencionar el reclamo v\u00edas administrativa y judicial por los fondos previsionales y los pagos de regal\u00edas y excedentes de la represa de Salto Grande que la Naci\u00f3n adeuda a la provincia.<\/p>\n<p>La deuda de Anses (Administraci\u00f3n Nacional de la Seguridad Social) asciende a 154.000 millones de pesos y la deuda por Salto Grande alcanza los 4.000 millones de pesos.<\/p>\n<p>&nbsp;<\/p>\n<p><strong>Atenci\u00f3n a las urgencias<\/strong><\/p>\n<p>&#8220;Hay que estar, cuando pasan estas cosas&#8221;, fue la frase que repiti\u00f3 el gobernador en referencia a la asistencia estatal ante eventos como grandes lluvias e inundaciones, que afectaron a distintas poblaciones entrerrianas y motivaron disponer de recursos, personal, log\u00edstica y trabajo mancomunado con las fuerzas armadas y de seguridad, bomberos, Centros de Operaciones de Emergencia (COE) y municipios.<\/p>\n<p>&#8220;No somos un gobierno al que le gusta estar encerrado. Somos un gobierno que siente la obligaci\u00f3n y la responsabilidad de caminar y estar en la provincia. Estamos poniendo en marcha el cambio que elegimos los entrerrianos&#8221;, analiz\u00f3, al finalizar su autoevaluaci\u00f3n.<\/p>\n","protected":false},"excerpt":{"rendered":"<p>El gobernador Rogelio Frigerio enumer\u00f3 los principales \u00edtems en los que el equipo de labor que encabeza ya obtuvo logros. Tambi\u00e9n se refiri\u00f3 a aquellos en los que est\u00e1 trabajando para cumplir con el mandamiento otorgado por la poblaci\u00f3n entrerriana &nbsp; &nbsp; A seis meses de haber asumido el mandato, el titular del Poder Ejecutivo entrerriano extract\u00f3 las acciones m\u00e1s significativas en las que su gesti\u00f3n puso el foco, enfatizando su esp\u00edritu de gobierno din\u00e1mico y comprometido con cumplir sus promesas. &nbsp; Austeridad, transparencia, apertura y modernizaci\u00f3n Respecto a uno&#8230;<\/p>\n","protected":false},"author":3,"featured_media":115960,"comment_status":"closed","ping_status":"closed","sticky":false,"template":"","format":"standard","meta":[],"categories":[9],"tags":[],"_links":{"self":[{"href":"https:\/\/www.actualidadadiario.com\/index.php\/wp-json\/wp\/v2\/posts\/115959"}],"collection":[{"href":"https:\/\/www.actualidadadiario.com\/index.php\/wp-json\/wp\/v2\/posts"}],"about":[{"href":"https:\/\/www.actualidadadiario.com\/index.php\/wp-json\/wp\/v2\/types\/post"}],"author":[{"embeddable":true,"href":"https:\/\/www.actualidadadiario.com\/index.php\/wp-json\/wp\/v2\/users\/3"}],"replies":[{"embeddable":true,"href":"https:\/\/www.actualidadadiario.com\/index.php\/wp-json\/wp\/v2\/comments?post=115959"}],"version-history":[{"count":2,"href":"https:\/\/www.actualidadadiario.com\/index.php\/wp-json\/wp\/v2\/posts\/115959\/revisions"}],"predecessor-version":[{"id":115962,"href":"https:\/\/www.actualidadadiario.com\/index.php\/wp-json\/wp\/v2\/posts\/115959\/revisions\/115962"}],"wp:featuredmedia":[{"embeddable":true,"href":"https:\/\/www.actualidadadiario.com\/index.php\/wp-json\/wp\/v2\/media\/115960"}],"wp:attachment":[{"href":"https:\/\/www.actualidadadiario.com\/index.php\/wp-json\/wp\/v2\/media?parent=115959"}],"wp:term":[{"taxonomy":"category","embeddable":true,"href":"https:\/\/www.actualidadadiario.com\/index.php\/wp-json\/wp\/v2\/categories?post=115959"},{"taxonomy":"post_tag","embeddable":true,"href":"https:\/\/www.actualidadadiario.com\/index.php\/wp-json\/wp\/v2\/tags?post=115959"}],"curies":[{"name":"wp","href":"https:\/\/api.w.org\/{rel}","templated":true}]}}