{"id":115947,"date":"2024-06-11T12:59:51","date_gmt":"2024-06-11T15:59:51","guid":{"rendered":"https:\/\/www.actualidadadiario.com\/?p=115947"},"modified":"2024-06-11T12:59:51","modified_gmt":"2024-06-11T15:59:51","slug":"espana-16-millones-de-euros-mas-en-apoyo-a-palestina","status":"publish","type":"post","link":"https:\/\/www.actualidadadiario.com\/index.php\/2024\/06\/11\/espana-16-millones-de-euros-mas-en-apoyo-a-palestina\/","title":{"rendered":"Espa\u00f1a: 16 millones de euros m\u00e1s &#8220;en apoyo a Palestina&#8221;"},"content":{"rendered":"<p style=\"text-align: center;\"><em><strong>El presidente del Gobierno espa\u00f1ol, Pedro S\u00e1nchez, anunci\u00f3 que Espa\u00f1a movilizar\u00e1 este a\u00f1o 2024 un paquete adicional de 16 millones de euros &#8220;en apoyo a Palestina&#8221;<\/strong><\/em><\/p>\n<p>&nbsp;<\/p>\n<p>&nbsp;<\/p>\n<p>&#8220;Nuestro compromiso con Palestina continuar\u00e1 y se intensificar\u00e1 en 2024. Estoy encantando de anunciar que Espa\u00f1a movilizar\u00e1 este a\u00f1o un paquete adicional de 16 millones de euros en apoyo a Palestina&#8221;, afirm\u00f3 el presidente espa\u00f1ol, Pedro S\u00e1nchez, en su discurso en la conferencia internacional de respuesta de emergencia para Gaza, que se celebra en la regi\u00f3n del mar Muerto, en el suroeste de Jordania.<\/p>\n<p>La conferencia, organizada por Jordania, Egipto y las Naciones Unidas, pretende acordar &#8220;pasos pr\u00e1cticos&#8221; para la entrega de ayuda &#8220;de manera inmediata, adecuada y sostenible&#8221; a Gaza.<\/p>\n<p>Durante su intervenci\u00f3n, S\u00e1nchez asegur\u00f3 que &#8220;la situaci\u00f3n es m\u00e1s grave que nunca&#8221; en Gaza, por lo que propuso aumentar significativamente la ayuda humanitaria y los flujos de esta ayuda para &#8220;garantizar&#8221; que lleguen.<\/p>\n<p>&#8220;Necesitamos mantener o incluso incrementar nuestro apoyo a la UNRWA (Agencia de Naciones Unidas para los Refugiados Palestinos), que debe operar al completo en Gaza. Su trabajo es esencial m\u00e1s que nunca, e incluso m\u00e1s que antes&#8221;, asever\u00f3.<\/p>\n<p>S\u00e1nchez record\u00f3 que, en 2023, Espa\u00f1a -que reconoce oficialmente a Palestina como Estado- triplic\u00f3 su apoyo a los territorios palestinos, alcanzando una cifra de 50 millones de euros, incluyendo ayuda humanitaria y financiaci\u00f3n al desarrollo.<\/p>\n<p>&nbsp;<\/p>\n<p><strong>S\u00e1nchez: &#8220;El Estado palestino es la mejor garant\u00eda de seguridad para Israel&#8221;<\/strong><\/p>\n<p>En este marco, pidi\u00f3 tambi\u00e9n presionar para que Israel y el grupo palestino Ham\u00e1s -calificado como organizaci\u00f3n terrorista por la Uni\u00f3n Europea y Estados Unidos- alcancen una tregua.<\/p>\n<p>&#8220;Ahora, llamamos a Ham\u00e1s y a Israel para que act\u00faen de manera responsable y aprovechen esta nueva oportunidad que tienen, que es el resultado de los esfuerzos interminables de Estados Unidos, Catar y Egipto. Debemos incrementar la presi\u00f3n para que se acuerde un alto el fuego&#8221;, dijo el presidente del Gobierno espa\u00f1ol.<\/p>\n<p>Adem\u00e1s, S\u00e1nchez pidi\u00f3 &#8220;defender el cumplimento del derecho internacional&#8221; y exigi\u00f3 que las partes deben cumplir con las medidas provisionales emitidas por la Corte Internacional de Justicia, que llama a detener la ofensiva militar sobre la localidad palestina de Rafah, en el extremo sur del enclave y fronteriza con Egipto, as\u00ed como al suministro sin trabas de ayuda humanitaria.<\/p>\n<p>Adicionalmente, S\u00e1nchez asegur\u00f3 que la ayuda al desarrollo &#8220;tambi\u00e9n deber\u00eda apoyar a la Autoridad Palestina&#8221;, ya que la reconstrucci\u00f3n de Gaza, la acci\u00f3n humanitaria y una pronta recuperaci\u00f3n del enclave son acciones que &#8220;contribuir\u00e1n a un Estado palestino y la implementaci\u00f3n de la soluci\u00f3n de los dos Estados&#8221;.<\/p>\n<p>El presidente del Gobierno espa\u00f1ol tambi\u00e9n record\u00f3 que hace dos semanas su pa\u00eds reconoci\u00f3 el Estado de Palestina junto a Irlanda y Noruega. &#8220;No es un gesto simb\u00f3lico. Y no es esencialmente en contra de Israel. El Estado palestino es la mejor garant\u00eda de seguridad para Israel y para la regi\u00f3n&#8221;, insisti\u00f3.<\/p>\n","protected":false},"excerpt":{"rendered":"<p>El presidente del Gobierno espa\u00f1ol, Pedro S\u00e1nchez, anunci\u00f3 que Espa\u00f1a movilizar\u00e1 este a\u00f1o 2024 un paquete adicional de 16 millones de euros &#8220;en apoyo a Palestina&#8221; &nbsp; &nbsp; &#8220;Nuestro compromiso con Palestina continuar\u00e1 y se intensificar\u00e1 en 2024. Estoy encantando de anunciar que Espa\u00f1a movilizar\u00e1 este a\u00f1o un paquete adicional de 16 millones de euros en apoyo a Palestina&#8221;, afirm\u00f3 el presidente espa\u00f1ol, Pedro S\u00e1nchez, en su discurso en la conferencia internacional de respuesta de emergencia para Gaza, que se celebra en la regi\u00f3n del mar Muerto, en el suroeste&#8230;<\/p>\n","protected":false},"author":3,"featured_media":115948,"comment_status":"closed","ping_status":"closed","sticky":false,"template":"","format":"standard","meta":[],"categories":[4],"tags":[],"_links":{"self":[{"href":"https:\/\/www.actualidadadiario.com\/index.php\/wp-json\/wp\/v2\/posts\/115947"}],"collection":[{"href":"https:\/\/www.actualidadadiario.com\/index.php\/wp-json\/wp\/v2\/posts"}],"about":[{"href":"https:\/\/www.actualidadadiario.com\/index.php\/wp-json\/wp\/v2\/types\/post"}],"author":[{"embeddable":true,"href":"https:\/\/www.actualidadadiario.com\/index.php\/wp-json\/wp\/v2\/users\/3"}],"replies":[{"embeddable":true,"href":"https:\/\/www.actualidadadiario.com\/index.php\/wp-json\/wp\/v2\/comments?post=115947"}],"version-history":[{"count":1,"href":"https:\/\/www.actualidadadiario.com\/index.php\/wp-json\/wp\/v2\/posts\/115947\/revisions"}],"predecessor-version":[{"id":115949,"href":"https:\/\/www.actualidadadiario.com\/index.php\/wp-json\/wp\/v2\/posts\/115947\/revisions\/115949"}],"wp:featuredmedia":[{"embeddable":true,"href":"https:\/\/www.actualidadadiario.com\/index.php\/wp-json\/wp\/v2\/media\/115948"}],"wp:attachment":[{"href":"https:\/\/www.actualidadadiario.com\/index.php\/wp-json\/wp\/v2\/media?parent=115947"}],"wp:term":[{"taxonomy":"category","embeddable":true,"href":"https:\/\/www.actualidadadiario.com\/index.php\/wp-json\/wp\/v2\/categories?post=115947"},{"taxonomy":"post_tag","embeddable":true,"href":"https:\/\/www.actualidadadiario.com\/index.php\/wp-json\/wp\/v2\/tags?post=115947"}],"curies":[{"name":"wp","href":"https:\/\/api.w.org\/{rel}","templated":true}]}}