{"id":115941,"date":"2024-06-11T12:27:41","date_gmt":"2024-06-11T15:27:41","guid":{"rendered":"https:\/\/www.actualidadadiario.com\/?p=115941"},"modified":"2024-06-11T12:27:41","modified_gmt":"2024-06-11T15:27:41","slug":"ley-bases-en-el-senado-cuando-comienza-el-debate-cuanto-durara-y-como-se-votara-el-proyecto","status":"publish","type":"post","link":"https:\/\/www.actualidadadiario.com\/index.php\/2024\/06\/11\/ley-bases-en-el-senado-cuando-comienza-el-debate-cuanto-durara-y-como-se-votara-el-proyecto\/","title":{"rendered":"Ley Bases en el Senado: cu\u00e1ndo comienza el debate, cu\u00e1nto durar\u00e1 y c\u00f3mo se votar\u00e1 el proyecto"},"content":{"rendered":"<p style=\"text-align: center;\"><em><strong>Faltan pocas horas para el debate entre el oficialismo y la oposici\u00f3n. La CGT, en tanto, se concentrar\u00e1 en las afueras del Congreso<\/strong><\/em><\/p>\n<p>&nbsp;<\/p>\n<p>&nbsp;<\/p>\n<p>Dentro de pocas horas la ley Bases y el paquete fiscal se debatir\u00e1n en la C\u00e1mara de Senadores, donde el oficialismo buscar\u00e1 aprobar los primeros proyectos tras las votaciones truncas de los \u00faltimos meses. En este marco, \u00bfcu\u00e1nto durar\u00e1 y c\u00f3mo se llevar\u00e1 a cabo la votaci\u00f3n?<\/p>\n<p>El presidente Javier Milei se encuentra expectante por la disputa que se librar\u00e1 en la C\u00e1mara alta. Luego de semanas de tratamiento en comisiones y modificaciones que alteraron la ley original, el mandatario libertario espera por su primera victoria legislativa.<\/p>\n<p>La oposici\u00f3n, en tanto, tambi\u00e9n se prepara: Uni\u00f3n por la Patria (UP) encabezar\u00e1 desde este martes una vigilia, en una convocatoria fue realizada principalmente por el ministro de Infraestructura de la provincia de Buenos Aires, Gabriel Katopodis.<\/p>\n<p>Mientras tanto, la Confederaci\u00f3n General del Trabajo (CGT); las dos CTA, el resto gabinete del gobernador bonaerense, Axel Kicillof; los intendentes peronistas, y los grupos de izquierda se movilizar\u00e1n al Congreso ma\u00f1ana mi\u00e9rcoles, cuando la C\u00e1mara alta comience con el tratamiento legislativo.<\/p>\n<p>&nbsp;<\/p>\n<p><strong>Ley Bases en el Senado: cu\u00e1ndo es, la duraci\u00f3n del debate y la votaci\u00f3n<\/strong><\/p>\n<p><strong>Cu\u00e1ndo es<\/strong><\/p>\n<p>El proyecto de La Libertad Avanza se debatir\u00e1 desde este mi\u00e9rcoles a partir de las 10 horas. Se tratar\u00e1n ambos proyectos por separado y todav\u00eda no se sabe si se necesitar\u00e1 un cuarto intermedio entre cada debate.<\/p>\n<p>&nbsp;<\/p>\n<p><strong>La duraci\u00f3n del debate<\/strong><\/p>\n<p>Se espera que el debate en la C\u00e1mara de Senadores tenga una duraci\u00f3n m\u00ednimo de 8 horas, lo que la convertir\u00eda en una de las sesiones m\u00e1s largas del \u00faltimo tiempo en la historia legislativa.<\/p>\n<p>La discusi\u00f3n parlamentaria por la primera versi\u00f3n de la ley \u00f3mnibus, llevado a cabo en febrero de este a\u00f1o, permanece en el ranking como el m\u00e1s largo de todos.<\/p>\n<p>&nbsp;<\/p>\n<p><strong>C\u00f3mo se realizar\u00e1 la votaci\u00f3n<\/strong><\/p>\n<p>En un primer tramo se llevar\u00e1 a cabo el debate por la ley Bases y luego se votar\u00e1 el paquete fiscal. Para el debate de Bases los titulares de los bloques acordaron que tendr\u00e1n 10 oradores por bloque.<\/p>\n<p>Si bien el peronismo se divide en dos bloques en la C\u00e1mara alta, Unidad Ciudadana y el Frente Nacional y Popular, acept\u00f3 la propuesta del oficialismo.<\/p>\n<p>&nbsp;<\/p>\n<p><strong>Ley Bases: facultades delegadas generan dudas y escenario de empate inquieta al Senado<\/strong><\/p>\n<p>Nueve gobernadores desfilaron por el despacho de Guillermo Francos la \u00faltima semana. La liga de mandatarios provinciales de Juntos tuvo que salir a emitir un comunicado de \u00faltimo momento para apoyar la ley Bases. La Casa Rosada sali\u00f3 a presionar a sus aliados ante la incertidumbre que existe sobre la votaci\u00f3n en particular del proyecto de ley que sigue sumando rechazos en el cap\u00edtulo de las facultades delegadas para Javier Milei.<\/p>\n<p>M\u00e1s all\u00e1 de la oposici\u00f3n de Uni\u00f3n por la Patria, que hoy tendr\u00e1 reuni\u00f3n de bloque bajo el mando de Jos\u00e9 Mayans, las facultades delegadas por el t\u00e9rmino de un a\u00f1o en materia econ\u00f3mica, financiera, administrativa y energ\u00e9tica, siguen sumando resistencia.<\/p>\n","protected":false},"excerpt":{"rendered":"<p>Faltan pocas horas para el debate entre el oficialismo y la oposici\u00f3n. La CGT, en tanto, se concentrar\u00e1 en las afueras del Congreso &nbsp; &nbsp; Dentro de pocas horas la ley Bases y el paquete fiscal se debatir\u00e1n en la C\u00e1mara de Senadores, donde el oficialismo buscar\u00e1 aprobar los primeros proyectos tras las votaciones truncas de los \u00faltimos meses. En este marco, \u00bfcu\u00e1nto durar\u00e1 y c\u00f3mo se llevar\u00e1 a cabo la votaci\u00f3n? El presidente Javier Milei se encuentra expectante por la disputa que se librar\u00e1 en la C\u00e1mara alta. Luego&#8230;<\/p>\n","protected":false},"author":3,"featured_media":113920,"comment_status":"closed","ping_status":"closed","sticky":false,"template":"","format":"standard","meta":[],"categories":[18],"tags":[],"_links":{"self":[{"href":"https:\/\/www.actualidadadiario.com\/index.php\/wp-json\/wp\/v2\/posts\/115941"}],"collection":[{"href":"https:\/\/www.actualidadadiario.com\/index.php\/wp-json\/wp\/v2\/posts"}],"about":[{"href":"https:\/\/www.actualidadadiario.com\/index.php\/wp-json\/wp\/v2\/types\/post"}],"author":[{"embeddable":true,"href":"https:\/\/www.actualidadadiario.com\/index.php\/wp-json\/wp\/v2\/users\/3"}],"replies":[{"embeddable":true,"href":"https:\/\/www.actualidadadiario.com\/index.php\/wp-json\/wp\/v2\/comments?post=115941"}],"version-history":[{"count":1,"href":"https:\/\/www.actualidadadiario.com\/index.php\/wp-json\/wp\/v2\/posts\/115941\/revisions"}],"predecessor-version":[{"id":115942,"href":"https:\/\/www.actualidadadiario.com\/index.php\/wp-json\/wp\/v2\/posts\/115941\/revisions\/115942"}],"wp:featuredmedia":[{"embeddable":true,"href":"https:\/\/www.actualidadadiario.com\/index.php\/wp-json\/wp\/v2\/media\/113920"}],"wp:attachment":[{"href":"https:\/\/www.actualidadadiario.com\/index.php\/wp-json\/wp\/v2\/media?parent=115941"}],"wp:term":[{"taxonomy":"category","embeddable":true,"href":"https:\/\/www.actualidadadiario.com\/index.php\/wp-json\/wp\/v2\/categories?post=115941"},{"taxonomy":"post_tag","embeddable":true,"href":"https:\/\/www.actualidadadiario.com\/index.php\/wp-json\/wp\/v2\/tags?post=115941"}],"curies":[{"name":"wp","href":"https:\/\/api.w.org\/{rel}","templated":true}]}}