{"id":115939,"date":"2024-06-11T12:27:03","date_gmt":"2024-06-11T15:27:03","guid":{"rendered":"https:\/\/www.actualidadadiario.com\/?p=115939"},"modified":"2024-06-11T12:27:03","modified_gmt":"2024-06-11T15:27:03","slug":"para-carlos-melconian-es-mentira-que-lo-peor-ya-paso","status":"publish","type":"post","link":"https:\/\/www.actualidadadiario.com\/index.php\/2024\/06\/11\/para-carlos-melconian-es-mentira-que-lo-peor-ya-paso\/","title":{"rendered":"Para Carlos Melconian, &#8220;es mentira que lo peor ya pas\u00f3&#8221;"},"content":{"rendered":"<p style=\"text-align: center;\"><em><strong>Carlos Melconian puso en duda que los salarios crezcan por encima de la inflaci\u00f3n. &#8220;La gente todav\u00eda est\u00e1 sintiendo que perdi\u00f3 poder adquisitivo&#8221;, dijo<\/strong><\/em><\/p>\n<p>&nbsp;<\/p>\n<p>&nbsp;<\/p>\n<p>Para Carlos Melconian, &#8220;es mentira&#8221; que &#8220;lo peor ya pas\u00f3&#8221;. El economista puso en duda que los salarios crezcan por encima de la inflaci\u00f3n y asegur\u00f3 que &#8220;la gente todav\u00eda est\u00e1 sintiendo que perdi\u00f3 poder adquisitivo&#8221;.<\/p>\n<p>El ex presidente del Banco Naci\u00f3n apunt\u00f3 en contra del Gobierno, despu\u00e9s de que la Oficina del Presidente publicara un comunicado en el que asegurara que hubo un aumento del 16,1% en los salarios, frente a la inflaci\u00f3n de 8,8%.<\/p>\n<p>La OPRA public\u00f3 un documento este lunes en el que asegur\u00f3 que &#8220;los argentinos comienzan a experimentar una recuperaci\u00f3n del poder adquisitivo de sus ingresos&#8221;. Seg\u00fan indic\u00f3, esto se dio &#8220;gracias a la desaceleraci\u00f3n de la inflaci\u00f3n mensual heredada del gobierno anterior, la estabilidad de precios y la eliminaci\u00f3n del d\u00e9ficit fiscal, que generaba incertidumbre sobre la solvencia del Estado&#8221;.<\/p>\n<p>Sin embargo, para Melconian &#8220;el \u00fanico cambio de r\u00e9gimen visible&#8221; es que el Gobierno alcanz\u00f3 el super\u00e1vit fiscal &#8220;con lo que venga, que desde el punto de vista cultural es que la sociedad argentina aprenda que financiarse con deuda o emisi\u00f3n monetaria no va m\u00e1s&#8221;. El economista cuestion\u00f3 que todav\u00eda \u201cno se levant\u00f3 el cepo&#8221; y el Gobierno no cuenta con una &#8220;pol\u00edtica cambiaria abierta para abrir el comercio\u201d.<\/p>\n<p>\u201c\u00bfPor qu\u00e9 tenemos un l\u00edo? Porque una cosa son los slogans, que yo acompa\u00f1o mayoritariamente: es excitante e interesante escuchar que el ajuste lo pagan los \u00f1oquis, pero tenes que hacer el estudio previo y tener un equipo de gente. Hay que hacer las cosas porque despu\u00e9s hay un \u2018efecto desilusi\u00f3n\u2019\u201d, apunt\u00f3.<\/p>\n<p>Melconian vs. Caputo: &#8220;Hoy preguntas cu\u00e1ndo es el l\u00edmite y nadie sabe&#8221;<\/p>\n<p>Seg\u00fan Melconia, el ministro de Econom\u00eda, Luis Caputo, es &#8220;complementario al presidente&#8221;, pero &#8220;le falta la parte del programa, del pa\u00eds, del desarrollo&#8221;.<\/p>\n<p>&#8220;Este es un plan financiero, no es un programa econ\u00f3mico, ni un programa para reactivar nada. Es ortodoxo en su m\u00e9dula y cree que la recesi\u00f3n es indispensable, y que tiene que llegar a donde tiene que llegar, y si tiene que tener deflaci\u00f3n va a tener deflaci\u00f3n&#8221;, apunt\u00f3. Al tiempo, consider\u00f3 que &#8220;un plan financiero no es sostenible in eternum&#8221;. &#8220;Si alg\u00fan d\u00eda pasa que la paciencia termina, van a decir que era una cosa obvia, pero hoy preguntas cu\u00e1ndo es ese l\u00edmite y nadie sabe\u201d.<\/p>\n<p>&#8220;Por eso, sigue estando en juego la sostenibilidad de los resultados obtenidos en los primeros meses y sigue teniendo algunos signos de interrogaci\u00f3n de hacia d\u00f3nde va; hacia d\u00f3nde va la pol\u00edtica cambiaria, la pol\u00edtica del Banco Central, la de tasa de inter\u00e9s, a d\u00f3nde va el programa fiscal con tantas inc\u00f3gnitas&#8221;, complet\u00f3.<\/p>\n","protected":false},"excerpt":{"rendered":"<p>Carlos Melconian puso en duda que los salarios crezcan por encima de la inflaci\u00f3n. &#8220;La gente todav\u00eda est\u00e1 sintiendo que perdi\u00f3 poder adquisitivo&#8221;, dijo &nbsp; &nbsp; Para Carlos Melconian, &#8220;es mentira&#8221; que &#8220;lo peor ya pas\u00f3&#8221;. El economista puso en duda que los salarios crezcan por encima de la inflaci\u00f3n y asegur\u00f3 que &#8220;la gente todav\u00eda est\u00e1 sintiendo que perdi\u00f3 poder adquisitivo&#8221;. El ex presidente del Banco Naci\u00f3n apunt\u00f3 en contra del Gobierno, despu\u00e9s de que la Oficina del Presidente publicara un comunicado en el que asegurara que hubo un&#8230;<\/p>\n","protected":false},"author":3,"featured_media":40707,"comment_status":"closed","ping_status":"closed","sticky":false,"template":"","format":"standard","meta":[],"categories":[18],"tags":[],"_links":{"self":[{"href":"https:\/\/www.actualidadadiario.com\/index.php\/wp-json\/wp\/v2\/posts\/115939"}],"collection":[{"href":"https:\/\/www.actualidadadiario.com\/index.php\/wp-json\/wp\/v2\/posts"}],"about":[{"href":"https:\/\/www.actualidadadiario.com\/index.php\/wp-json\/wp\/v2\/types\/post"}],"author":[{"embeddable":true,"href":"https:\/\/www.actualidadadiario.com\/index.php\/wp-json\/wp\/v2\/users\/3"}],"replies":[{"embeddable":true,"href":"https:\/\/www.actualidadadiario.com\/index.php\/wp-json\/wp\/v2\/comments?post=115939"}],"version-history":[{"count":1,"href":"https:\/\/www.actualidadadiario.com\/index.php\/wp-json\/wp\/v2\/posts\/115939\/revisions"}],"predecessor-version":[{"id":115940,"href":"https:\/\/www.actualidadadiario.com\/index.php\/wp-json\/wp\/v2\/posts\/115939\/revisions\/115940"}],"wp:featuredmedia":[{"embeddable":true,"href":"https:\/\/www.actualidadadiario.com\/index.php\/wp-json\/wp\/v2\/media\/40707"}],"wp:attachment":[{"href":"https:\/\/www.actualidadadiario.com\/index.php\/wp-json\/wp\/v2\/media?parent=115939"}],"wp:term":[{"taxonomy":"category","embeddable":true,"href":"https:\/\/www.actualidadadiario.com\/index.php\/wp-json\/wp\/v2\/categories?post=115939"},{"taxonomy":"post_tag","embeddable":true,"href":"https:\/\/www.actualidadadiario.com\/index.php\/wp-json\/wp\/v2\/tags?post=115939"}],"curies":[{"name":"wp","href":"https:\/\/api.w.org\/{rel}","templated":true}]}}