{"id":115937,"date":"2024-06-11T12:26:26","date_gmt":"2024-06-11T15:26:26","guid":{"rendered":"https:\/\/www.actualidadadiario.com\/?p=115937"},"modified":"2024-06-11T12:26:26","modified_gmt":"2024-06-11T15:26:26","slug":"pettovello-ausente-en-la-reunion-de-gabinete-en-dia-de-rumores","status":"publish","type":"post","link":"https:\/\/www.actualidadadiario.com\/index.php\/2024\/06\/11\/pettovello-ausente-en-la-reunion-de-gabinete-en-dia-de-rumores\/","title":{"rendered":"Pettovello ausente en la reuni\u00f3n de Gabinete en d\u00eda de rumores"},"content":{"rendered":"<p style=\"text-align: center;\"><em><strong>Javier Milei sigue de cerca la negociaci\u00f3n en el Senado por el proyecto que se tratar\u00e1 ma\u00f1ana. Significativa ausencia de la ministra de Capital Humano<\/strong><\/em><\/p>\n<p>&nbsp;<\/p>\n<p>&nbsp;<\/p>\n<p>El presidente Javier Milei encabez\u00f3 una nueva reuni\u00f3n junto a sus colaboradores en las v\u00edsperas de que la C\u00e1mara de Senadores d\u00e9 tratamiento a la Ley Bases, y con la intenci\u00f3n de conquistar la media sanci\u00f3n para su aprobaci\u00f3n.<\/p>\n<p>Desde las 8.41, el mandatario, que lleg\u00f3 portando un traje negro con rayas, coordina el intercambio que inici\u00f3 algunos minutos despu\u00e9s, cuando los relojes daban las 9.08.<\/p>\n<p>Llam\u00f3 la atenci\u00f3n la ausencia de la ministra de Capital Humano, Sandra Pettovello, su segunda inasistencia consecutiva debido a que tampoco estuvo durante la \u00faltima cita del equipo que se realiz\u00f3 el martes 4 de julio.<\/p>\n<p>Se trata de la funcionaria m\u00e1s apuntada del equipo a ra\u00edz del caso del reparto de alimentos y supuestas irregularidades en su cartera, y de las m\u00e1s respaldadas por el mandatario.<\/p>\n<p>En las \u00faltimas horas, Pettovello denunci\u00f3 que al menos una persona intent\u00f3 ingresar en su domicilio en un barrio semicerrado del municipio de Moreno. Seg\u00fan hizo saber a su entorno, tom\u00f3 el episodio como un \u201cintento de intimidaci\u00f3n\u201d.<\/p>\n<p>Desde el Sal\u00f3n Eva Per\u00f3n de Casa Rosada acompa\u00f1an al mandatario el jefe de Gabinete, Guillermo Francos, y los ministros Diana Mondino (Relaciones Exteriores, Comercio Internacional y Culto); Luis Caputo (Econom\u00eda); Patricia Bullrich (Seguridad); Mariano Cuneo Libarona (Justicia); y Mario Russo (Salud).<\/p>\n<p>Tambi\u00e9n se encuentran presentes el titular del Banco Central, Santiago Bausilli; y los secretarios de Legal y T\u00e9cnica, Javier Herrera Bravo; de Comunicaci\u00f3n y Prensa, Eduardo Serenellini; el vocero presidencial, Manuel Adorni; el asesor, Santiago Caputo, y el vicejefe de Gabinete Ejecutivo, Jos\u00e9 Rolandi.<\/p>\n<p>El titular de la cartera de Defensa, Luis Petri, y la secretaria General de la Presidencia, Karina Milei, tampoco dieron el presente en la reuni\u00f3n.<\/p>\n<p>Al seguimiento de las negociaciones por la Ley Bases que comenzar\u00e1 a tratarse en la C\u00e1mara de Senadores ma\u00f1ana a partir de las 10, se suma una nueva preocupaci\u00f3n para el Gobierno que monitorear el episodio que debi\u00f3 enfrentar la ministra de Capital Humano y suma un nueva cap\u00edtulo a la causa judicial abierta por la entrega de los alimentos.<\/p>\n","protected":false},"excerpt":{"rendered":"<p>Javier Milei sigue de cerca la negociaci\u00f3n en el Senado por el proyecto que se tratar\u00e1 ma\u00f1ana. Significativa ausencia de la ministra de Capital Humano &nbsp; &nbsp; El presidente Javier Milei encabez\u00f3 una nueva reuni\u00f3n junto a sus colaboradores en las v\u00edsperas de que la C\u00e1mara de Senadores d\u00e9 tratamiento a la Ley Bases, y con la intenci\u00f3n de conquistar la media sanci\u00f3n para su aprobaci\u00f3n. Desde las 8.41, el mandatario, que lleg\u00f3 portando un traje negro con rayas, coordina el intercambio que inici\u00f3 algunos minutos despu\u00e9s, cuando los relojes&#8230;<\/p>\n","protected":false},"author":3,"featured_media":112233,"comment_status":"closed","ping_status":"closed","sticky":false,"template":"","format":"standard","meta":[],"categories":[18],"tags":[],"_links":{"self":[{"href":"https:\/\/www.actualidadadiario.com\/index.php\/wp-json\/wp\/v2\/posts\/115937"}],"collection":[{"href":"https:\/\/www.actualidadadiario.com\/index.php\/wp-json\/wp\/v2\/posts"}],"about":[{"href":"https:\/\/www.actualidadadiario.com\/index.php\/wp-json\/wp\/v2\/types\/post"}],"author":[{"embeddable":true,"href":"https:\/\/www.actualidadadiario.com\/index.php\/wp-json\/wp\/v2\/users\/3"}],"replies":[{"embeddable":true,"href":"https:\/\/www.actualidadadiario.com\/index.php\/wp-json\/wp\/v2\/comments?post=115937"}],"version-history":[{"count":1,"href":"https:\/\/www.actualidadadiario.com\/index.php\/wp-json\/wp\/v2\/posts\/115937\/revisions"}],"predecessor-version":[{"id":115938,"href":"https:\/\/www.actualidadadiario.com\/index.php\/wp-json\/wp\/v2\/posts\/115937\/revisions\/115938"}],"wp:featuredmedia":[{"embeddable":true,"href":"https:\/\/www.actualidadadiario.com\/index.php\/wp-json\/wp\/v2\/media\/112233"}],"wp:attachment":[{"href":"https:\/\/www.actualidadadiario.com\/index.php\/wp-json\/wp\/v2\/media?parent=115937"}],"wp:term":[{"taxonomy":"category","embeddable":true,"href":"https:\/\/www.actualidadadiario.com\/index.php\/wp-json\/wp\/v2\/categories?post=115937"},{"taxonomy":"post_tag","embeddable":true,"href":"https:\/\/www.actualidadadiario.com\/index.php\/wp-json\/wp\/v2\/tags?post=115937"}],"curies":[{"name":"wp","href":"https:\/\/api.w.org\/{rel}","templated":true}]}}