{"id":115931,"date":"2024-06-11T12:24:22","date_gmt":"2024-06-11T15:24:22","guid":{"rendered":"https:\/\/www.actualidadadiario.com\/?p=115931"},"modified":"2024-06-11T12:24:22","modified_gmt":"2024-06-11T15:24:22","slug":"el-secretario-de-comercio-contradijo-a-milei-y-reconocio-que-no-se-esta-viendo-una-recuperacion","status":"publish","type":"post","link":"https:\/\/www.actualidadadiario.com\/index.php\/2024\/06\/11\/el-secretario-de-comercio-contradijo-a-milei-y-reconocio-que-no-se-esta-viendo-una-recuperacion\/","title":{"rendered":"El secretario de Comercio contradijo a Milei y reconoci\u00f3 que &#8220;no se est\u00e1 viendo una recuperaci\u00f3n&#8221;"},"content":{"rendered":"<p style=\"text-align: center;\"><em><strong>Pablo Lavigne arm\u00f3 un encuentro con empresarios del consumo y dijo que quiere que su cartera sea &#8220;intrascendente&#8221; y dedicada a &#8220;controlar que no haya productos vencidos&#8221;. Admiti\u00f3 que &#8220;van 6 meses y parecen 3 a\u00f1os&#8221; y que no hay &#8220;recuperaci\u00f3n de las ventas&#8221;<\/strong><\/em><\/p>\n<p>&nbsp;<\/p>\n<p>&nbsp;<\/p>\n<p>Nada m\u00e1s y nada menos que el secretario de Comercio de la Naci\u00f3n, Pablo Lavigne, arm\u00f3 una reuni\u00f3n con empresarios del consumo masivo para decirles que desea que su cartera sea &#8220;intrascendente&#8221; y con pocas funciones y contradecir al presidente Javier Milei al reconocer que &#8220;no se est\u00e1 viendo una recuperaci\u00f3n&#8221; de las ventas ni el consumo.<\/p>\n<p>Las ins\u00f3litas palabras del funcionario surgen de un art\u00edculo de P\u00e1gina 12, que supo que la semana pasada se realiz\u00f3 una reuni\u00f3n en la sede de Comercio con empresarios de las c\u00e1maras de los supermercados, los comercios, los mayoristas y los almacenes para ensayar un balance de los primeros seis meses del gobierno de Milei. Lavigne estuvo acompa\u00f1ado por el subsecretario de Defensa del Consumidor, Fernando Blanco Mui\u00f1o.<\/p>\n<p>&#8220;Sabemos que no se est\u00e1 viendo una recuperaci\u00f3n de las ventas&#8221;, reconocio Lavigne ante los empresarios en el encuentro de no m\u00e1s de media hora en el que, agreg\u00f3 a modo de &#8220;chiste&#8221;, que &#8220;van 6 meses &#8211; de gesti\u00f3n &#8211; pero parecen 3 a\u00f1os&#8221;.<\/p>\n<p>El funcionario prometi\u00f3 que &#8220;el tema de la reactivaci\u00f3n se va a resolver cuando se resuelva la macro&#8221;, explicaci\u00f3n que tiene poco de cient\u00edfica y que parece poco certera ante empresarios que ven ca\u00eddas en las ventas de dos d\u00edgitos desde que Milei gobierna, adem\u00e1s de que choca de frente con el relato del propio Presidente, que en varias entrevistas viene diciendo que hay &#8220;signos&#8221; de que el comercio est\u00e1 viendo una recuperaci\u00f3n del gasto hogare\u00f1o.<\/p>\n<p>En otro segmento, Lavigne pareci\u00f3 querer imitar la idea de Milei de ser &#8220;el topo que destruye el Estado desde adentro&#8221;, ya que ensay\u00f3 una explicaci\u00f3n &#8211; tard\u00eda con 6 meses de gesti\u00f3n encima, por cierto &#8211; de cu\u00e1l ser\u00e1 el rol de Comercio en el medio de la crisis de ventas.<\/p>\n<p>&#8220;Buscamos tener el rol m\u00e1s intrascedente posible, no queremos volver m\u00e1s a esos tiempos donde los llamaban por cualquier cosa&#8221;, expres\u00f3, como si a los empresarios les interesara m\u00e1s no ser convocados que convocados pero vender.<\/p>\n<p>Seg\u00fan Lavigne, su cartera se va a &#8220;dedicar a Lealtad Comercio, a exhibir precios, controlar que no haya productos vencidos y que se cumpla el precio de fleje de g\u00f3ndola y cajas&#8221;, porque todo el resto, para este funcionario, &#8220;es un tema de privados, de competencia&#8221;.<\/p>\n","protected":false},"excerpt":{"rendered":"<p>Pablo Lavigne arm\u00f3 un encuentro con empresarios del consumo y dijo que quiere que su cartera sea &#8220;intrascendente&#8221; y dedicada a &#8220;controlar que no haya productos vencidos&#8221;. Admiti\u00f3 que &#8220;van 6 meses y parecen 3 a\u00f1os&#8221; y que no hay &#8220;recuperaci\u00f3n de las ventas&#8221; &nbsp; &nbsp; Nada m\u00e1s y nada menos que el secretario de Comercio de la Naci\u00f3n, Pablo Lavigne, arm\u00f3 una reuni\u00f3n con empresarios del consumo masivo para decirles que desea que su cartera sea &#8220;intrascendente&#8221; y con pocas funciones y contradecir al presidente Javier Milei al reconocer&#8230;<\/p>\n","protected":false},"author":3,"featured_media":115932,"comment_status":"closed","ping_status":"closed","sticky":false,"template":"","format":"standard","meta":[],"categories":[18],"tags":[],"_links":{"self":[{"href":"https:\/\/www.actualidadadiario.com\/index.php\/wp-json\/wp\/v2\/posts\/115931"}],"collection":[{"href":"https:\/\/www.actualidadadiario.com\/index.php\/wp-json\/wp\/v2\/posts"}],"about":[{"href":"https:\/\/www.actualidadadiario.com\/index.php\/wp-json\/wp\/v2\/types\/post"}],"author":[{"embeddable":true,"href":"https:\/\/www.actualidadadiario.com\/index.php\/wp-json\/wp\/v2\/users\/3"}],"replies":[{"embeddable":true,"href":"https:\/\/www.actualidadadiario.com\/index.php\/wp-json\/wp\/v2\/comments?post=115931"}],"version-history":[{"count":1,"href":"https:\/\/www.actualidadadiario.com\/index.php\/wp-json\/wp\/v2\/posts\/115931\/revisions"}],"predecessor-version":[{"id":115933,"href":"https:\/\/www.actualidadadiario.com\/index.php\/wp-json\/wp\/v2\/posts\/115931\/revisions\/115933"}],"wp:featuredmedia":[{"embeddable":true,"href":"https:\/\/www.actualidadadiario.com\/index.php\/wp-json\/wp\/v2\/media\/115932"}],"wp:attachment":[{"href":"https:\/\/www.actualidadadiario.com\/index.php\/wp-json\/wp\/v2\/media?parent=115931"}],"wp:term":[{"taxonomy":"category","embeddable":true,"href":"https:\/\/www.actualidadadiario.com\/index.php\/wp-json\/wp\/v2\/categories?post=115931"},{"taxonomy":"post_tag","embeddable":true,"href":"https:\/\/www.actualidadadiario.com\/index.php\/wp-json\/wp\/v2\/tags?post=115931"}],"curies":[{"name":"wp","href":"https:\/\/api.w.org\/{rel}","templated":true}]}}