{"id":115929,"date":"2024-06-11T12:23:21","date_gmt":"2024-06-11T15:23:21","guid":{"rendered":"https:\/\/www.actualidadadiario.com\/?p=115929"},"modified":"2024-06-11T12:23:21","modified_gmt":"2024-06-11T15:23:21","slug":"los-paises-arabes-firman-un-comunicado-contra-milei-es-poco-diplomatico-hostil-y-descaradamente-sesgada","status":"publish","type":"post","link":"https:\/\/www.actualidadadiario.com\/index.php\/2024\/06\/11\/los-paises-arabes-firman-un-comunicado-contra-milei-es-poco-diplomatico-hostil-y-descaradamente-sesgada\/","title":{"rendered":"Los pa\u00edses \u00e1rabes firman un comunicado contra Milei: &#8220;Es poco diplom\u00e1tico, hostil y descaradamente sesgada&#8221;"},"content":{"rendered":"<p style=\"text-align: center;\"><em><strong>Luego que Milei los dejara plantados, la Secretar\u00eda General de la Liga \u00c1rabe public\u00f3 un duro comunicado donde critican a Milei y advierten sobre el riesgo de tensar las relaciones<\/strong><\/em><\/p>\n<p>&nbsp;<\/p>\n<p>&nbsp;<\/p>\n<p>La comunidad \u00e1rabe realiz\u00f3 la primera respuesta p\u00fablica luego del desplante de Javier Milei en el encuentro fallido del pasado viernes donde dej\u00f3 plantado a 19 embajadores de pa\u00edses \u00e1rabes-isl\u00e1micos y a la propia canciller Diana Mondino.<\/p>\n<p>La reuni\u00f3n hab\u00eda sido organizada por el embajador de Arabia Saudita en el Centro Isl\u00e1mico de Palermo y cont\u00f3 con la presencia del representante de Palestina. Al entrarse de eso, Milei entr\u00f3 en colera y se baj\u00f3 dos cuadras antes de llegar al lugar.<\/p>\n<p>Ante esto, la Secretar\u00eda General de la Liga \u00c1rabe public\u00f3 un comunicado en el que plantea que &#8220;ha seguido con gran consternaci\u00f3n y sorpresa la negativa de \u00faltima hora del Presidente argentino Javier Milei a asistir a una reuni\u00f3n a la que ten\u00eda previsto asistir con el Consejo de Embajadores de los grupos \u00e1rabe e isl\u00e1mico con el pretexto de la presencia del Encargado de Negocios de la Embajada de Palestina en la audiencia&#8221;.<\/p>\n<p>El texto contin\u00faa: &#8220;Dicho comportamiento refleja una actitud hostil e injustificada, no s\u00f3lo hacia el Estado de Palestina, sino tambi\u00e9n hacia el Grupo \u00c1rabe, y lamenta que una actitud tan poco diplom\u00e1tica e inaceptable haya sido adoptada por el Presidente de un pa\u00eds por el que los \u00e1rabes sienten un gran respeto por sus anteriores posiciones positivas respecto a la causa palestina, que lamentablemente han sido revertidas por la actual administraci\u00f3n pol\u00edtica&#8221;.<\/p>\n<p>&#8220;A este respecto, cabe se\u00f1alar que la lista de asistentes hab\u00eda sido coordinada con el Ministerio de Asuntos Exteriores argentino, haciendo hincapi\u00e9 en que no hay forma de excluir al representante del Estado palestino acreditado ante las autoridades argentinas de ninguna reuni\u00f3n colectiva de los grupos \u00e1rabes e isl\u00e1micos, como exigen las normas diplom\u00e1ticas establecidas&#8221;, agrega en un apartado que expone a Mondino y explica la decisi\u00f3n de bajarla de la cumbre del G7.<\/p>\n<p>&#8220;La Secretar\u00eda General de la Liga espera que el Estado de Argentina revise sus recientes posiciones sobre la cuesti\u00f3n palestina, descaradamente sesgadas hacia la ocupaci\u00f3n y en el lado equivocado de la historia, por preocupaci\u00f3n por las relaciones de larga data con el mundo \u00e1rabe y los intereses pol\u00edticos y econ\u00f3micos mutuos entre ambas partes&#8221;, concluye.<\/p>\n<p>Diana Mondino qued\u00f3 muy mal parada dentro del gobierno porque a las tensiones ya existentes y su p\u00e9rdida de poder con la salida de Nicol\u00e1s Posse, le facturan no alinearse a la pol\u00edtica del Presidente en relaci\u00f3n a Israel.<\/p>\n<p>El comunicado, un d\u00eda antes del berrinche, al que adhiere Canciller\u00eda en favor de un cese al fuego en Gaza fue tomado como una jugada en solitaria de Mondino, aunque fue impulsado por el Departamento de Estado de Estados Unidos.<\/p>\n<p>As\u00ed la cosas, la continuidad de Mondino sigue en discusi\u00f3n, la dieron de baja de la cumbre del G7 y le sacaron de su \u00f3rbita la Agencia de Promoci\u00f3n de Inversiones y Comercio Exterior, una herramienta clave que el ministerio de Relaciones Exteriores usa para tejer v\u00ednculos con el empresariado y es fundamental para la actividad diaria de las embajadas.<\/p>\n<p>Por otra parte, entre los diplom\u00e1ticos crecen las cr\u00edticas en torno a las oportunidades de negocios que Argentina pierde con los pa\u00edses \u00e1rabes producto de una alineamiento incondicional con Israel que, seg\u00fan entiende, no trae ning\u00fan beneficio diplom\u00e1tico.<\/p>\n","protected":false},"excerpt":{"rendered":"<p>Luego que Milei los dejara plantados, la Secretar\u00eda General de la Liga \u00c1rabe public\u00f3 un duro comunicado donde critican a Milei y advierten sobre el riesgo de tensar las relaciones &nbsp; &nbsp; La comunidad \u00e1rabe realiz\u00f3 la primera respuesta p\u00fablica luego del desplante de Javier Milei en el encuentro fallido del pasado viernes donde dej\u00f3 plantado a 19 embajadores de pa\u00edses \u00e1rabes-isl\u00e1micos y a la propia canciller Diana Mondino. La reuni\u00f3n hab\u00eda sido organizada por el embajador de Arabia Saudita en el Centro Isl\u00e1mico de Palermo y cont\u00f3 con la&#8230;<\/p>\n","protected":false},"author":3,"featured_media":115652,"comment_status":"closed","ping_status":"closed","sticky":false,"template":"","format":"standard","meta":[],"categories":[18],"tags":[],"_links":{"self":[{"href":"https:\/\/www.actualidadadiario.com\/index.php\/wp-json\/wp\/v2\/posts\/115929"}],"collection":[{"href":"https:\/\/www.actualidadadiario.com\/index.php\/wp-json\/wp\/v2\/posts"}],"about":[{"href":"https:\/\/www.actualidadadiario.com\/index.php\/wp-json\/wp\/v2\/types\/post"}],"author":[{"embeddable":true,"href":"https:\/\/www.actualidadadiario.com\/index.php\/wp-json\/wp\/v2\/users\/3"}],"replies":[{"embeddable":true,"href":"https:\/\/www.actualidadadiario.com\/index.php\/wp-json\/wp\/v2\/comments?post=115929"}],"version-history":[{"count":1,"href":"https:\/\/www.actualidadadiario.com\/index.php\/wp-json\/wp\/v2\/posts\/115929\/revisions"}],"predecessor-version":[{"id":115930,"href":"https:\/\/www.actualidadadiario.com\/index.php\/wp-json\/wp\/v2\/posts\/115929\/revisions\/115930"}],"wp:featuredmedia":[{"embeddable":true,"href":"https:\/\/www.actualidadadiario.com\/index.php\/wp-json\/wp\/v2\/media\/115652"}],"wp:attachment":[{"href":"https:\/\/www.actualidadadiario.com\/index.php\/wp-json\/wp\/v2\/media?parent=115929"}],"wp:term":[{"taxonomy":"category","embeddable":true,"href":"https:\/\/www.actualidadadiario.com\/index.php\/wp-json\/wp\/v2\/categories?post=115929"},{"taxonomy":"post_tag","embeddable":true,"href":"https:\/\/www.actualidadadiario.com\/index.php\/wp-json\/wp\/v2\/tags?post=115929"}],"curies":[{"name":"wp","href":"https:\/\/api.w.org\/{rel}","templated":true}]}}