{"id":115926,"date":"2024-06-11T12:22:04","date_gmt":"2024-06-11T15:22:04","guid":{"rendered":"https:\/\/www.actualidadadiario.com\/?p=115926"},"modified":"2024-06-11T12:22:04","modified_gmt":"2024-06-11T15:22:04","slug":"milei-sigue-de-cerca-la-ley-bases-y-evalua-cambios-en-el-gabinete","status":"publish","type":"post","link":"https:\/\/www.actualidadadiario.com\/index.php\/2024\/06\/11\/milei-sigue-de-cerca-la-ley-bases-y-evalua-cambios-en-el-gabinete\/","title":{"rendered":"Milei sigue de cerca la Ley Bases y eval\u00faa cambios en el Gabinete"},"content":{"rendered":"<p style=\"text-align: center;\"><strong><em>Javier Milei enfrenta horas cruciales por el debate de la Ley Bases en el Senado. Hablar\u00e1 ante empresarios y luego viajar\u00e1 a la cumbre del G7 en Italia<\/em><\/strong><\/p>\n<p>&nbsp;<\/p>\n<p>&nbsp;<\/p>\n<p>El presidente Javier Milei se convirti\u00f3 en un gran contenedor de crisis internas. El Gobierno enfrenta momentos cruciales, en las v\u00edsperas del debate de la Ley Bases y el paquete fiscal en el Senado. Mientras tanto, el mandatario no abandona a la ministra de Capital Humano, Sandra Pettovello, y despide a otro amigo en la jefatura de Gabinete: Nicol\u00e1s Posse.<\/p>\n<p>Los ojos de Javier Milei ahora est\u00e1n puestos en lo que suceder\u00e1 en menos de 24 horas en el Congreso, donde esperan tener los votos necesarios para la sanci\u00f3n en particular de los proyectos. &#8220;Los votos est\u00e1n&#8221;, aseguraron desde el entorno presidencial.<\/p>\n<p>El proceso de aprobaci\u00f3n de las leyes fue mucho m\u00e1s ag\u00f3nico de lo que se preve\u00eda en el inicio de la gesti\u00f3n. El antes ministro del Interior y ahora jefe de Gabinete, Guillermo Francos, no baj\u00f3 los brazos en sus intensas negociaciones con los senadores. Milei deleg\u00f3 todas las negociaciones del Senado en Francos, quien se convirti\u00f3 en parte del grupo selecto de toma de decisiones en la gesti\u00f3n.<\/p>\n<p>Aun cuando queda poco tiempo para la sesi\u00f3n, se definen los \u00faltimos cambios en las privatizaciones, las facultades delegadas y el RIGI, que son los tres temas principales de discusi\u00f3n.<\/p>\n<p>&nbsp;<\/p>\n<p><strong>Ley Bases: cu\u00e1l es el mapa del Senado<\/strong><\/p>\n<p>La Libertad Avanza necesita 37 senadores para abrir el debate en el recinto y que comience el tratamiento en general, para luego seguir con el tratamiento de cada art\u00edculo en particular. El poroteo est\u00e1 bastante ajustado y con final abierto. Hasta el momento, el oficialismo junt\u00f3 35 votos a favor, mientras que la oposici\u00f3n llega a los 34. La inc\u00f3gnita viene por parte de tres senadores que no comunicaron su decisi\u00f3n: el radical Maximiliano Abad y los santacruce\u00f1os, Jos\u00e9 Carambia y Natalia Gadano.<\/p>\n<p>Milei sigue los detalles de las negociaciones desde la quinta de Olivos, lugar donde concentra la mayor parte de su tiempo de gesti\u00f3n. El presidente tiene previsto asistir al 11\u00b0 Edici\u00f3n Expo EFI en La Rural, una cumbre que re\u00fane a empresarios y pol\u00edticos. Ser\u00e1 el mismo d\u00eda en el que comience el debate en el Congreso.<\/p>\n<p>Por la tarde, participar\u00e1 del evento \u201cel renacer de la libertad en Argentina y el mundo\u201d, organizado por el Instituto Cato y el think tank Libertad y Progreso, en el Hotel Hilton. Luego, partir\u00e1 rumbo a Italia para asistir a la cumbre del G7.<\/p>\n<p>&nbsp;<\/p>\n<p><strong>\u00bfSe vienen cambios en el gabinete?<\/strong><\/p>\n<p>Milei advirti\u00f3 que hay ministros que &#8220;est\u00e1n bajo an\u00e1lisis&#8221;. Dentro de la inc\u00f3gnita, hay algo que es seguro: Francos no est\u00e1 dentro del pelot\u00f3n. El nuevo jefe de Gabinete logr\u00f3 un acercamiento con las provincias opositoras y amigas. Adem\u00e1s, firm\u00f3 convenios para el traspaso de obra p\u00fablica con siete gobernadores. E pr\u00f3ximo turno ser\u00e1 el del gobernador de Salta, Gustavo S\u00e1ez, quien est\u00e1 distanciado de la Rosada ante el reclamo de fondos nacionales.<\/p>\n<p>Una de las funcionarias que se estar\u00eda llevando todos los n\u00fameros es la canciller Diana Mondino: el mandatario no la habr\u00eda incluido en la comitiva que lo acompa\u00f1ar\u00e1 a Italia para la cumbre del G7.<\/p>\n<p>La ausencia de Mondino en la comitiva llegar\u00eda luego de que Milei le haya sacado el manejo de las inversiones de Canciller\u00eda, para atribu\u00edrselas a la secretaria general de la Presidencia y hermana, Karina Milei.\u00a0 Sin embargo, Mondino ser\u00e1 encomendada para otra misi\u00f3n: viajar\u00e1 a la Cumbre de la Paz sobre Ucrania que se llevar\u00e1 a cabo en Suiza.<\/p>\n<p>Mientras tanto, Pettovello sigue de pie y a\u00fan no hay definici\u00f3n clara sobre el lugar que tendr\u00e1 Federico Sturzenegger, uno de los principales ide\u00f3logos de la Ley Bases y asesor econ\u00f3mico presidencial, Federico Sturzenegger dentro del Gabinete.<\/p>\n","protected":false},"excerpt":{"rendered":"<p>Javier Milei enfrenta horas cruciales por el debate de la Ley Bases en el Senado. Hablar\u00e1 ante empresarios y luego viajar\u00e1 a la cumbre del G7 en Italia &nbsp; &nbsp; El presidente Javier Milei se convirti\u00f3 en un gran contenedor de crisis internas. El Gobierno enfrenta momentos cruciales, en las v\u00edsperas del debate de la Ley Bases y el paquete fiscal en el Senado. Mientras tanto, el mandatario no abandona a la ministra de Capital Humano, Sandra Pettovello, y despide a otro amigo en la jefatura de Gabinete: Nicol\u00e1s Posse&#8230;.<\/p>\n","protected":false},"author":3,"featured_media":115927,"comment_status":"closed","ping_status":"closed","sticky":false,"template":"","format":"standard","meta":[],"categories":[9],"tags":[],"_links":{"self":[{"href":"https:\/\/www.actualidadadiario.com\/index.php\/wp-json\/wp\/v2\/posts\/115926"}],"collection":[{"href":"https:\/\/www.actualidadadiario.com\/index.php\/wp-json\/wp\/v2\/posts"}],"about":[{"href":"https:\/\/www.actualidadadiario.com\/index.php\/wp-json\/wp\/v2\/types\/post"}],"author":[{"embeddable":true,"href":"https:\/\/www.actualidadadiario.com\/index.php\/wp-json\/wp\/v2\/users\/3"}],"replies":[{"embeddable":true,"href":"https:\/\/www.actualidadadiario.com\/index.php\/wp-json\/wp\/v2\/comments?post=115926"}],"version-history":[{"count":1,"href":"https:\/\/www.actualidadadiario.com\/index.php\/wp-json\/wp\/v2\/posts\/115926\/revisions"}],"predecessor-version":[{"id":115928,"href":"https:\/\/www.actualidadadiario.com\/index.php\/wp-json\/wp\/v2\/posts\/115926\/revisions\/115928"}],"wp:featuredmedia":[{"embeddable":true,"href":"https:\/\/www.actualidadadiario.com\/index.php\/wp-json\/wp\/v2\/media\/115927"}],"wp:attachment":[{"href":"https:\/\/www.actualidadadiario.com\/index.php\/wp-json\/wp\/v2\/media?parent=115926"}],"wp:term":[{"taxonomy":"category","embeddable":true,"href":"https:\/\/www.actualidadadiario.com\/index.php\/wp-json\/wp\/v2\/categories?post=115926"},{"taxonomy":"post_tag","embeddable":true,"href":"https:\/\/www.actualidadadiario.com\/index.php\/wp-json\/wp\/v2\/tags?post=115926"}],"curies":[{"name":"wp","href":"https:\/\/api.w.org\/{rel}","templated":true}]}}