{"id":115916,"date":"2024-06-11T11:39:42","date_gmt":"2024-06-11T14:39:42","guid":{"rendered":"https:\/\/www.actualidadadiario.com\/?p=115916"},"modified":"2024-06-11T11:39:42","modified_gmt":"2024-06-11T14:39:42","slug":"paro-universitario-nacional-cuanto-durara-a-quienes-afecta-y-que-pasara-con-las-clases","status":"publish","type":"post","link":"https:\/\/www.actualidadadiario.com\/index.php\/2024\/06\/11\/paro-universitario-nacional-cuanto-durara-a-quienes-afecta-y-que-pasara-con-las-clases\/","title":{"rendered":"Paro universitario nacional: cu\u00e1nto durar\u00e1, a qui\u00e9nes afecta y qu\u00e9 pasar\u00e1 con las clases"},"content":{"rendered":"<p style=\"text-align: center;\"><em><strong>La ministra de Capital Humano, Sandra Pettovello, no cumpli\u00f3 su promesa de presentar una soluci\u00f3n al problema salarial de los trabajadores de universidades. Se movilizar\u00e1n en contra del proyecto de ley Bases<\/strong><\/em><\/p>\n<p>&nbsp;<\/p>\n<p>&nbsp;<\/p>\n<p>Ante la falta de respuestas del Gobierno, docentes y trabajadores no docentes de las universidades de todo el pa\u00eds encabezan un nuevo paro de 48 horas para este martes 11 y mi\u00e9rcoles 12 de junio, en reclamo contra el ajuste de las pol\u00edticas del presidente Javier Milei. Anunciaron que marchar\u00e1n contra ley Bases en el Senado.<\/p>\n<p>La medida de fuerza fue decidida por los gremios docentes y no docentes, luego de que el Ministerio de Capital Humano incumpliera la promesa de una mejora salarial acorde a la inflaci\u00f3n y costos de vida en la reuni\u00f3n del jueves pasado.<\/p>\n<p>&nbsp;<\/p>\n<p><strong>Paro nacional universitario contra el ajuste del Gobierno<\/strong><\/p>\n<p>Seg\u00fan los sindicatos, en estos meses hubo una p\u00e9rdida de poder adquisitivo de entre el 40% y 45%, al mismo tiempo que cuestionaron las \u201cpr\u00e1cticas dilatorias\u201d del Gobierno en el abordaje del conflicto universitario.<\/p>\n<p>El paro de esta semana se suma a las 48 horas de paro de la semana pasada (el martes 4 y mi\u00e9rcoles 5 de junio) y a los paros del 14 de marzo y del 4 de abril, este \u00faltimo impulsado por todos los gremios docentes del pa\u00eds.<\/p>\n<p>La medida es convocada por todos los gremios del Frente Sindical de Universidades Nacionales: Conadu, Conadu Hist\u00f3rica, Fedun, CTERA, Fagdut, Fatun y UDA. Fedun y Fatun, con fuerte peso en la UBA, no hab\u00edan adherido a la medida de la semana pasada, a la espera de que se concretara una propuesta salarial del Gobierno.<\/p>\n<p>&nbsp;<\/p>\n<p><strong>El reclamo de las universidades y la respuesta del Gobierno<\/strong><\/p>\n<p>El pasado 28 de mayo el subsecretario de Pol\u00edticas Universitarias, Alejandro \u00c1lvarez, se reuni\u00f3 con los gremios de docentes universitarios y prometi\u00f3 que el jueves 6 de junio la ministra de Capital Humano, Sandra Pettovello, acercar\u00eda una propuesta para solucionar el reclamo salarial. Nunca lleg\u00f3.<\/p>\n<p>Debido a esta promesa incumplida, este viernes la Federaci\u00f3n de Docentes de las Universidades (FEDUN) decidi\u00f3 en un plenario de secretarios generales de todo el pa\u00eds convocar junto a la Federaci\u00f3n Argentina del Trabajador de las Universidades Nacionales (FATUN) el paro de 48 horas y continuar el plan de lucha que vienen desplegando.<\/p>\n<p>\u201cDesde la multitudinaria marcha en la que todos los argentinos y las argentinas se expresaron en defensa de la Universidad P\u00fablica ya pas\u00f3 m\u00e1s de un mes y a\u00fan no tuvimos ninguna respuesta del gobierno\u201d, afirm\u00f3 el secretario general de la FEDUN, Daniel Ricci.<\/p>\n<p>Si bien el Gobierno otorg\u00f3 un aumento en el presupuesto para gastos de funcionamientos, la actualizaci\u00f3n salarial est\u00e1 muy por debajo de la inflaci\u00f3n. &#8220;En el \u00faltimo tiempo nuestros salarios siguen deterior\u00e1ndose mes a mes, ya llevamos perdido m\u00e1s de un 60 por ciento de poder adquisitivo frente a la inflaci\u00f3n y no vamos a seguir tolerando este deterioro y falta de respeto&#8221;, afirm\u00f3 la FEDUN en el comunicado.<\/p>\n<p>&nbsp;<\/p>\n<p><strong>Comenz\u00f3 el paro universitario y tambi\u00e9n rige en algunos colegios secundarios<\/strong><\/p>\n<p>El paro tambi\u00e9n aplica para el Colegio Nacional de Buenos Aires, la Escuela Superior de Comercio Carlos Pellegrini, la Escuela de Educaci\u00f3n T\u00e9cnica de Villa Lugano, la Escuela de Educaci\u00f3n T\u00e9cnico Profesional en Producci\u00f3n Agropecuaria y Agroalimentaria, el Colegio Preuniversitario Doctor Ram\u00f3n Cereijo y el Instituto Libre de Segunda Ense\u00f1anza.<\/p>\n<p>El mi\u00e9rcoles 12, adem\u00e1s, a partir de las 9, los gremios universitarios se sumar\u00e1n a la movilizaci\u00f3n impulsada por la CTA frente al Congreso de la Naci\u00f3n \u201cen rechazo a la ley de Bases\u201d para \u201cexigirles a los sentadores y senadoras que voten en contra\u201d.<\/p>\n","protected":false},"excerpt":{"rendered":"<p>La ministra de Capital Humano, Sandra Pettovello, no cumpli\u00f3 su promesa de presentar una soluci\u00f3n al problema salarial de los trabajadores de universidades. Se movilizar\u00e1n en contra del proyecto de ley Bases &nbsp; &nbsp; Ante la falta de respuestas del Gobierno, docentes y trabajadores no docentes de las universidades de todo el pa\u00eds encabezan un nuevo paro de 48 horas para este martes 11 y mi\u00e9rcoles 12 de junio, en reclamo contra el ajuste de las pol\u00edticas del presidente Javier Milei. Anunciaron que marchar\u00e1n contra ley Bases en el Senado&#8230;.<\/p>\n","protected":false},"author":3,"featured_media":115917,"comment_status":"closed","ping_status":"closed","sticky":false,"template":"","format":"standard","meta":[],"categories":[2],"tags":[],"_links":{"self":[{"href":"https:\/\/www.actualidadadiario.com\/index.php\/wp-json\/wp\/v2\/posts\/115916"}],"collection":[{"href":"https:\/\/www.actualidadadiario.com\/index.php\/wp-json\/wp\/v2\/posts"}],"about":[{"href":"https:\/\/www.actualidadadiario.com\/index.php\/wp-json\/wp\/v2\/types\/post"}],"author":[{"embeddable":true,"href":"https:\/\/www.actualidadadiario.com\/index.php\/wp-json\/wp\/v2\/users\/3"}],"replies":[{"embeddable":true,"href":"https:\/\/www.actualidadadiario.com\/index.php\/wp-json\/wp\/v2\/comments?post=115916"}],"version-history":[{"count":1,"href":"https:\/\/www.actualidadadiario.com\/index.php\/wp-json\/wp\/v2\/posts\/115916\/revisions"}],"predecessor-version":[{"id":115918,"href":"https:\/\/www.actualidadadiario.com\/index.php\/wp-json\/wp\/v2\/posts\/115916\/revisions\/115918"}],"wp:featuredmedia":[{"embeddable":true,"href":"https:\/\/www.actualidadadiario.com\/index.php\/wp-json\/wp\/v2\/media\/115917"}],"wp:attachment":[{"href":"https:\/\/www.actualidadadiario.com\/index.php\/wp-json\/wp\/v2\/media?parent=115916"}],"wp:term":[{"taxonomy":"category","embeddable":true,"href":"https:\/\/www.actualidadadiario.com\/index.php\/wp-json\/wp\/v2\/categories?post=115916"},{"taxonomy":"post_tag","embeddable":true,"href":"https:\/\/www.actualidadadiario.com\/index.php\/wp-json\/wp\/v2\/tags?post=115916"}],"curies":[{"name":"wp","href":"https:\/\/api.w.org\/{rel}","templated":true}]}}