{"id":115910,"date":"2024-06-11T11:37:32","date_gmt":"2024-06-11T14:37:32","guid":{"rendered":"https:\/\/www.actualidadadiario.com\/?p=115910"},"modified":"2024-06-11T11:37:32","modified_gmt":"2024-06-11T14:37:32","slug":"es-oficial-el-gobierno-derogo-la-medida-que-le-permitia-a-las-aseguradoras-no-brindar-el-servicio-de-gruas","status":"publish","type":"post","link":"https:\/\/www.actualidadadiario.com\/index.php\/2024\/06\/11\/es-oficial-el-gobierno-derogo-la-medida-que-le-permitia-a-las-aseguradoras-no-brindar-el-servicio-de-gruas\/","title":{"rendered":"Es oficial: el Gobierno derog\u00f3 la medida que le permit\u00eda a las aseguradoras no brindar el servicio de gr\u00faas"},"content":{"rendered":"<p style=\"text-align: center;\"><em><strong>A pesar de que el vocero presidencial, Manuel Adorni, hab\u00eda confirmado que no se revertir\u00eda la decisi\u00f3n, el Ejecutivo confirm\u00f3 la marcha atr\u00e1s con mediante una Resoluci\u00f3n oficial, tras los diferentes reclamos presentados<\/strong><\/em><\/p>\n<p>&nbsp;<\/p>\n<p>&nbsp;<\/p>\n<p>El Gobierno oficializ\u00f3 la derogaci\u00f3n de la medida que autorizaba a las aseguradoras a dejar de prestar el servicio de gr\u00faa y remolque a sus asociados a partir del pr\u00f3ximo mes.<\/p>\n<p>Mediante la Resoluci\u00f3n 269\/2024\u00a0 publicada en el Bolet\u00edn Oficial por la Superintendencia de Seguros de la Naci\u00f3n, el Ejecutivo dej\u00f3 sin efecto la medida que iba a comenzar a seguir desde el 24 de julio pr\u00f3ximo.<\/p>\n<p>&#8220;Reincorp\u00f3rese los textos de las cl\u00e1usulas &#8216;CG-CO 4.1. Gastos de Traslado y Estad\u00eda Cl\u00e1usula de emisi\u00f3n obligatoria&#8217; y &#8216;CA-CO 15.1. Servicio de Remolques&#8217; en el inciso a.1) del Anexo del punto 23.6. del Reglamento General de la Actividad Aseguradora (t.o. Resoluci\u00f3n SSN N\u00b0 38.708 de fecha 6 de noviembre de 2014, y sus modificatorias y complementarias), conforme su anterior redacci\u00f3n\u201d, sostuvo el Gobierno.<\/p>\n<p>A pesar de que el vocero presidencial, Manuel Adorni, hab\u00eda confirmado que no se revertir\u00eda la decisi\u00f3n de modificar el servicio de gr\u00faas ofrecido por las compa\u00f1\u00edas aseguradoras en todo el pa\u00eds, el Ejecutivo confirm\u00f3 la marcha atr\u00e1s tras los diferentes reclamos presentados, que incluyeron una acci\u00f3n colectiva de la Asociaci\u00f3n de Consumidores y Usuarios de la Argentina (ACUDA).<\/p>\n<p>La normativa que fue derogada hab\u00eda planteado el objetivo de desregular el sector, \u201cproteger al ciudadano\u201d y aumentar la competencia. Incluso, algunas compa\u00f1\u00edas de seguros ya hab\u00edan empezado a enviar a sus clientes cartas con la notificaci\u00f3n de este cambio en el servicio prestado.<\/p>\n<p>La modificaci\u00f3n que beneficiaba a las aseguradoras, de haber seguido adelante, implicaba adem\u00e1s que las empresas ya no estuvieran obligadas a cubrir los \u201cdesperfectos o problemas mec\u00e1nicos, de bater\u00eda, de arranque, el\u00e9ctricos, pinchaduras, cortaduras y\/o reventones de las c\u00e1maras o cubiertas o falta de combustible\u201d, y obligaba a los usuarios a resolver el problema por su cuenta.<\/p>\n<p>As\u00ed los seguros s\u00f3lo tendr\u00edan la obligaci\u00f3n de cubrir los costos de gr\u00faa y auxilio mec\u00e1nico en los casos de \u201caccidente, incendio y robo y\/o hurto\u201d, Sin embargo, la medida qued\u00f3 derogada.<\/p>\n<p>&nbsp;<\/p>\n<p><strong>El Seguro debe seguir prestando los siguientes servicios:<\/strong><\/p>\n<p>En caso de da\u00f1o y\/o Incendio o robo o hurto, ser\u00e1n por cuenta del Asegurador, aunque con la indemnizaci\u00f3n lleguen a exceder la suma asegurada, los gastos normales, necesarios y razonablemente incurridos por:<\/p>\n<p>&nbsp;<\/p>\n<ol>\n<li>a) El traslado del veh\u00edculo hasta el lugar m\u00e1s pr\u00f3ximo al del siniestro o al de su aparici\u00f3n en caso del robo o hurto, donde se pueda efectuar su inspecci\u00f3n, reparaci\u00f3n o puesta a disposici\u00f3n del asegurado.<\/li>\n<li>b) La estad\u00eda del veh\u00edculo en garaje, taller, local o dep\u00f3sito, para su guarda a los efectos de su reparaci\u00f3n o puesta a disposici\u00f3n del asegurado.<\/li>\n<\/ol>\n<p>&nbsp;<\/p>\n<p>Adem\u00e1s deber\u00e1 seguir brindando el servicio de Remolques. La asistencia al veh\u00edculo consiste en el servicio de auxilio mec\u00e1nico de emergencia o remolque para cualquier tipo de falla, aver\u00eda mec\u00e1nica o accidente que sufra el automotor asegurado, que le impida continuar su normal circulaci\u00f3n, y se presta durante las 24 horas, los 365 d\u00edas del a\u00f1o.<\/p>\n<p>La Asistencia no se prestar\u00e1 en caso que no se halle vigente la p\u00f3liza o se hallare suspendida su cobertura, cualquiera sea la causa, como por ejemplo que no se hubiera pagado el premio del seguro de conformidad con lo establecido en la cl\u00e1usula de cobranza respectiva.<\/p>\n<p>Cabe recordar que la asistencia podr\u00e1 ser solicitada por el asegurado o el conductor autorizado por \u00e9l. En tanto que se especifica que la aseguradora podr\u00e1 contratar con terceros, denominados \u201cPrestadoras\u201d, la ejecuci\u00f3n efectiva de la Asistencia.<\/p>\n<p>La normativa estipula que la cantidad de kil\u00f3metros de ida y de vuelta para el servicio de remolques no podr\u00e1 ser inferior a 100 kil\u00f3metros. Mientras que los servicios anuales no podr\u00e1n ser inferiores a 6 servicios y los servicios mensuales no podr\u00e1n ser superiores a un servicio por mes.<\/p>\n","protected":false},"excerpt":{"rendered":"<p>A pesar de que el vocero presidencial, Manuel Adorni, hab\u00eda confirmado que no se revertir\u00eda la decisi\u00f3n, el Ejecutivo confirm\u00f3 la marcha atr\u00e1s con mediante una Resoluci\u00f3n oficial, tras los diferentes reclamos presentados &nbsp; &nbsp; El Gobierno oficializ\u00f3 la derogaci\u00f3n de la medida que autorizaba a las aseguradoras a dejar de prestar el servicio de gr\u00faa y remolque a sus asociados a partir del pr\u00f3ximo mes. Mediante la Resoluci\u00f3n 269\/2024\u00a0 publicada en el Bolet\u00edn Oficial por la Superintendencia de Seguros de la Naci\u00f3n, el Ejecutivo dej\u00f3 sin efecto la medida&#8230;<\/p>\n","protected":false},"author":3,"featured_media":115911,"comment_status":"closed","ping_status":"closed","sticky":false,"template":"","format":"standard","meta":[],"categories":[2],"tags":[],"_links":{"self":[{"href":"https:\/\/www.actualidadadiario.com\/index.php\/wp-json\/wp\/v2\/posts\/115910"}],"collection":[{"href":"https:\/\/www.actualidadadiario.com\/index.php\/wp-json\/wp\/v2\/posts"}],"about":[{"href":"https:\/\/www.actualidadadiario.com\/index.php\/wp-json\/wp\/v2\/types\/post"}],"author":[{"embeddable":true,"href":"https:\/\/www.actualidadadiario.com\/index.php\/wp-json\/wp\/v2\/users\/3"}],"replies":[{"embeddable":true,"href":"https:\/\/www.actualidadadiario.com\/index.php\/wp-json\/wp\/v2\/comments?post=115910"}],"version-history":[{"count":1,"href":"https:\/\/www.actualidadadiario.com\/index.php\/wp-json\/wp\/v2\/posts\/115910\/revisions"}],"predecessor-version":[{"id":115912,"href":"https:\/\/www.actualidadadiario.com\/index.php\/wp-json\/wp\/v2\/posts\/115910\/revisions\/115912"}],"wp:featuredmedia":[{"embeddable":true,"href":"https:\/\/www.actualidadadiario.com\/index.php\/wp-json\/wp\/v2\/media\/115911"}],"wp:attachment":[{"href":"https:\/\/www.actualidadadiario.com\/index.php\/wp-json\/wp\/v2\/media?parent=115910"}],"wp:term":[{"taxonomy":"category","embeddable":true,"href":"https:\/\/www.actualidadadiario.com\/index.php\/wp-json\/wp\/v2\/categories?post=115910"},{"taxonomy":"post_tag","embeddable":true,"href":"https:\/\/www.actualidadadiario.com\/index.php\/wp-json\/wp\/v2\/tags?post=115910"}],"curies":[{"name":"wp","href":"https:\/\/api.w.org\/{rel}","templated":true}]}}