{"id":115906,"date":"2024-06-11T11:35:23","date_gmt":"2024-06-11T14:35:23","guid":{"rendered":"https:\/\/www.actualidadadiario.com\/?p=115906"},"modified":"2024-06-11T11:35:40","modified_gmt":"2024-06-11T14:35:40","slug":"estiman-que-la-inflacion-de-mayo-fue-menor-al-5-pero-estara-por-encima-en-junio-y-julio","status":"publish","type":"post","link":"https:\/\/www.actualidadadiario.com\/index.php\/2024\/06\/11\/estiman-que-la-inflacion-de-mayo-fue-menor-al-5-pero-estara-por-encima-en-junio-y-julio\/","title":{"rendered":"Estiman que la inflaci\u00f3n de mayo fue menor al 5%, pero estar\u00e1 por encima en junio y julio"},"content":{"rendered":"<p style=\"text-align: center;\"><em><strong>Una universidad privada proyect\u00f3 un 4,7% para el mes pasado. Los datos oficiales se conocer\u00e1n este jueves<\/strong><\/em><\/p>\n<p>&nbsp;<\/p>\n<p>&nbsp;<\/p>\n<p>La inflaci\u00f3n de mayo trep\u00f3 al 4,7% pero durante junio y julio mostrar\u00edan un \u00edndice m\u00e1s elevado, de acuerdo con un informe difundido por la universidad Eseade.\u00a0 Seg\u00fan el reporte, en los \u00faltimos doce meses la inflaci\u00f3n acumulada lleg\u00f3 al 278,3%.<\/p>\n<p>Esa casa de estudios analiz\u00f3 que en mayo, la inflaci\u00f3n &#8220;quebrar\u00eda la barrera del 5% mensual, continuando su camino descendente. En abril lleg\u00f3 a un d\u00edgito y fue del 8,8% mensual, luego de cinco meses consecutivos con dos d\u00edgitos&#8221;.<\/p>\n<p>No obstante, advirti\u00f3 que &#8220;probablemente junio y julio tengan una inflaci\u00f3n por encima del 5%, debido a que se sincerar\u00e1n algunas tarifas. Luego, se espera que se ubique en el rango del 4 al 5% mensual para lo que resta del a\u00f1o&#8221;.<\/p>\n<p>El INDEC difundir\u00e1 el jueves pr\u00f3ximo los datos oficiales de la inflaci\u00f3n de mayo y el ministro de Econom\u00eda, Luis Caputo, anticip\u00f3 que el \u00cdndice de Precios al Consumidor se ubicar\u00e1 por debajo del 5%.<\/p>\n<p>&#8220;En marzo me preguntaban si la inflaci\u00f3n iba a llegar a un d\u00edgito en el segundo semestre. Bueno, lleg\u00f3 a un d\u00edgito en abril.<\/p>\n<p>Despu\u00e9s dijeron, \u2018no, pero no puede bajar del 7%\u2032. Bueno, est\u00e1 por debajo del 5. Y eso es lo m\u00e1s importante que nosotros podemos darle a la gente. Es fundamental bajar la inflaci\u00f3n para la recuperaci\u00f3n, porque eso genera una normalidad que no ves en Argentina hace mucho tiempo&#8221;, sostuvo el funcionario en declaraciones a un canal de noticias durante el \u00faltimo fin de semana.<\/p>\n","protected":false},"excerpt":{"rendered":"<p>Una universidad privada proyect\u00f3 un 4,7% para el mes pasado. Los datos oficiales se conocer\u00e1n este jueves &nbsp; &nbsp; La inflaci\u00f3n de mayo trep\u00f3 al 4,7% pero durante junio y julio mostrar\u00edan un \u00edndice m\u00e1s elevado, de acuerdo con un informe difundido por la universidad Eseade.\u00a0 Seg\u00fan el reporte, en los \u00faltimos doce meses la inflaci\u00f3n acumulada lleg\u00f3 al 278,3%. Esa casa de estudios analiz\u00f3 que en mayo, la inflaci\u00f3n &#8220;quebrar\u00eda la barrera del 5% mensual, continuando su camino descendente. En abril lleg\u00f3 a un d\u00edgito y fue del 8,8%&#8230;<\/p>\n","protected":false},"author":3,"featured_media":60213,"comment_status":"closed","ping_status":"closed","sticky":false,"template":"","format":"standard","meta":[],"categories":[9],"tags":[],"_links":{"self":[{"href":"https:\/\/www.actualidadadiario.com\/index.php\/wp-json\/wp\/v2\/posts\/115906"}],"collection":[{"href":"https:\/\/www.actualidadadiario.com\/index.php\/wp-json\/wp\/v2\/posts"}],"about":[{"href":"https:\/\/www.actualidadadiario.com\/index.php\/wp-json\/wp\/v2\/types\/post"}],"author":[{"embeddable":true,"href":"https:\/\/www.actualidadadiario.com\/index.php\/wp-json\/wp\/v2\/users\/3"}],"replies":[{"embeddable":true,"href":"https:\/\/www.actualidadadiario.com\/index.php\/wp-json\/wp\/v2\/comments?post=115906"}],"version-history":[{"count":1,"href":"https:\/\/www.actualidadadiario.com\/index.php\/wp-json\/wp\/v2\/posts\/115906\/revisions"}],"predecessor-version":[{"id":115907,"href":"https:\/\/www.actualidadadiario.com\/index.php\/wp-json\/wp\/v2\/posts\/115906\/revisions\/115907"}],"wp:featuredmedia":[{"embeddable":true,"href":"https:\/\/www.actualidadadiario.com\/index.php\/wp-json\/wp\/v2\/media\/60213"}],"wp:attachment":[{"href":"https:\/\/www.actualidadadiario.com\/index.php\/wp-json\/wp\/v2\/media?parent=115906"}],"wp:term":[{"taxonomy":"category","embeddable":true,"href":"https:\/\/www.actualidadadiario.com\/index.php\/wp-json\/wp\/v2\/categories?post=115906"},{"taxonomy":"post_tag","embeddable":true,"href":"https:\/\/www.actualidadadiario.com\/index.php\/wp-json\/wp\/v2\/tags?post=115906"}],"curies":[{"name":"wp","href":"https:\/\/api.w.org\/{rel}","templated":true}]}}