{"id":115902,"date":"2024-06-11T11:01:22","date_gmt":"2024-06-11T14:01:22","guid":{"rendered":"https:\/\/www.actualidadadiario.com\/?p=115902"},"modified":"2024-06-11T11:01:22","modified_gmt":"2024-06-11T14:01:22","slug":"agmer-vuelve-a-parar-este-miercoles","status":"publish","type":"post","link":"https:\/\/www.actualidadadiario.com\/index.php\/2024\/06\/11\/agmer-vuelve-a-parar-este-miercoles\/","title":{"rendered":"Agmer vuelve a parar este mi\u00e9rcoles"},"content":{"rendered":"<p style=\"text-align: center;\"><em><strong>La Asociaci\u00f3n Gremial del Magisterio de Entre R\u00edos (Agmer) realizar\u00e1 un paro de actividades este mi\u00e9rcoles, en el marco de una jornada nacional de protesta convocada por las organizaciones sindicales del pa\u00eds. Tambi\u00e9n hay reclamos de \u00edndole provincial<\/strong><\/em><\/p>\n<p>&nbsp;<\/p>\n<p>&nbsp;<\/p>\n<p>La Comisi\u00f3n Directiva Central de Agmer estableci\u00f3 la convocatoria a paro docente para este mi\u00e9rcoles 12 de junio y a sumarse a las actividades de protesta anunciadas por las confederaciones y centrales sindicales, a las que pertenece esta asociaci\u00f3n gremial. \u201dLa declaraci\u00f3n de este paro se complementa con distintas acciones de movilizaci\u00f3n que se desarrollar\u00e1n en la provincia de Entre R\u00edos y frente al Congreso de la Naci\u00f3n Argentina\u201d, se\u00f1alaron desde Agmer.<\/p>\n<p>Por tal motivo, en el marco de las decisiones que definiera el 205\u00ba Congreso Extraordinario de Agmer y las medidas que resuelve esta Comisi\u00f3n Directiva Central, se dispone que Agmer se encuentra \u2013desde este lunes &#8211; en estado de movilizaci\u00f3n general.<\/p>\n<p>Al hacer referencia a los ejes de las demandas, se\u00f1alaron: \u201cParamos y nos movilizamos exigiendo la inmediata restituci\u00f3n, por parte del gobierno nacional, del Fondo Nacional de incentivo Docente, del Fondo Compensador y de los distintos programas nacionales. Su eliminaci\u00f3n signific\u00f3, llanamente, una sensible p\u00e9rdida en el poder adquisitivo docente\u201d.<\/p>\n<p>Tambi\u00e9n\u00a0 en contra del proyecto de Ley \u201cBases, que \u201cprofundizar\u00e1 la ofensiva de las pol\u00edticas de ajuste y agravar\u00e1 severamente\u00a0 el salario de los sectores medios y de las y los trabajadores e impactar\u00e1n con notable crueldad en el aumento de la brecha \u2013ya en s\u00ed misma escandalosa e inmoral- de los pobres e indigentes de nuestra sociedad\u201d.<\/p>\n<p>Tambi\u00e9n apuntaron contra el RIGI, que implica \u201cla entrega de la soberan\u00eda nacional (ecol\u00f3gica, econ\u00f3mica, institucional, minera, energ\u00e9tica\u2026) a las grandes potencias y grupos multinacionales, que llegar\u00e1n a rapi\u00f1ar recursos estrat\u00e9gicos vitales, no solamente para las y los argentinos y las generaciones que nos suceder\u00e1n, sino para la humanidad en su conjunto\u201d.<\/p>\n<p>\u201cLo hacemos tambi\u00e9n como respuesta a las pol\u00edticas de ajuste que, en este contexto dram\u00e1tico, se implementan en el Instituto Aut\u00e1rquico Provincial de la Vivienda y en los aportes jubilatorios de activos y jubilados\u201d.<\/p>\n<p>\u201cLas medidas dispuestas se determinan en funci\u00f3n de darle cumplimiento a lo resuelto en nuestro \u00faltimo Congreso Extraordinario, realizado en la ciudad de Paran\u00e1\u201d, se indica por \u00faltimo.<\/p>\n","protected":false},"excerpt":{"rendered":"<p>La Asociaci\u00f3n Gremial del Magisterio de Entre R\u00edos (Agmer) realizar\u00e1 un paro de actividades este mi\u00e9rcoles, en el marco de una jornada nacional de protesta convocada por las organizaciones sindicales del pa\u00eds. Tambi\u00e9n hay reclamos de \u00edndole provincial &nbsp; &nbsp; La Comisi\u00f3n Directiva Central de Agmer estableci\u00f3 la convocatoria a paro docente para este mi\u00e9rcoles 12 de junio y a sumarse a las actividades de protesta anunciadas por las confederaciones y centrales sindicales, a las que pertenece esta asociaci\u00f3n gremial. \u201dLa declaraci\u00f3n de este paro se complementa con distintas acciones&#8230;<\/p>\n","protected":false},"author":3,"featured_media":58921,"comment_status":"closed","ping_status":"closed","sticky":false,"template":"","format":"standard","meta":[],"categories":[15],"tags":[],"_links":{"self":[{"href":"https:\/\/www.actualidadadiario.com\/index.php\/wp-json\/wp\/v2\/posts\/115902"}],"collection":[{"href":"https:\/\/www.actualidadadiario.com\/index.php\/wp-json\/wp\/v2\/posts"}],"about":[{"href":"https:\/\/www.actualidadadiario.com\/index.php\/wp-json\/wp\/v2\/types\/post"}],"author":[{"embeddable":true,"href":"https:\/\/www.actualidadadiario.com\/index.php\/wp-json\/wp\/v2\/users\/3"}],"replies":[{"embeddable":true,"href":"https:\/\/www.actualidadadiario.com\/index.php\/wp-json\/wp\/v2\/comments?post=115902"}],"version-history":[{"count":1,"href":"https:\/\/www.actualidadadiario.com\/index.php\/wp-json\/wp\/v2\/posts\/115902\/revisions"}],"predecessor-version":[{"id":115903,"href":"https:\/\/www.actualidadadiario.com\/index.php\/wp-json\/wp\/v2\/posts\/115902\/revisions\/115903"}],"wp:featuredmedia":[{"embeddable":true,"href":"https:\/\/www.actualidadadiario.com\/index.php\/wp-json\/wp\/v2\/media\/58921"}],"wp:attachment":[{"href":"https:\/\/www.actualidadadiario.com\/index.php\/wp-json\/wp\/v2\/media?parent=115902"}],"wp:term":[{"taxonomy":"category","embeddable":true,"href":"https:\/\/www.actualidadadiario.com\/index.php\/wp-json\/wp\/v2\/categories?post=115902"},{"taxonomy":"post_tag","embeddable":true,"href":"https:\/\/www.actualidadadiario.com\/index.php\/wp-json\/wp\/v2\/tags?post=115902"}],"curies":[{"name":"wp","href":"https:\/\/api.w.org\/{rel}","templated":true}]}}