{"id":115898,"date":"2024-06-11T10:59:37","date_gmt":"2024-06-11T13:59:37","guid":{"rendered":"https:\/\/www.actualidadadiario.com\/?p=115898"},"modified":"2024-06-11T10:59:37","modified_gmt":"2024-06-11T13:59:37","slug":"diputados-retoma-el-analisis-del-proyecto-que-propone-debates-obligatorios-entre-candidatos-a-gobernador-2","status":"publish","type":"post","link":"https:\/\/www.actualidadadiario.com\/index.php\/2024\/06\/11\/diputados-retoma-el-analisis-del-proyecto-que-propone-debates-obligatorios-entre-candidatos-a-gobernador-2\/","title":{"rendered":"Diputados retoma el an\u00e1lisis del proyecto que propone debates obligatorios entre candidatos a gobernador"},"content":{"rendered":"<p style=\"text-align: center;\"><em><strong>El mi\u00e9rcoles, en comisi\u00f3n, la C\u00e1mara de Diputados reanudar\u00e1 el an\u00e1lisis del proyecto de ley que propone establecer la obligatoriedad de la realizaci\u00f3n de dos debates preelectorales p\u00fablicos entre candidatos a gobernador o gobernadora de Entre R\u00edos. La iniciativa, dispone que un debate se realice en una ciudad de la Costa del Paran\u00e1 y el otro en una localidad de la Costa del Uruguay<\/strong><\/em><\/p>\n<p>&nbsp;<\/p>\n<p>&nbsp;<\/p>\n<p>El mi\u00e9rcoles a las 15 la Comisi\u00f3n de Asuntos Constitucionales, Juicio Pol\u00edtico y Peticiones, Poderes y Reglamento de la C\u00e1mara de Diputados de Entre R\u00edos se reunir\u00e1 con el fin de continuar analizando el proyecto de ley que dispone \u201cla obligatoriedad de la realizaci\u00f3n de dos debates preelectorales p\u00fablicos entre candidatos y candidatas a Gobernador\/Gobernadora de la Provincia, con la finalidad de dar a conocer y debatir ante el electorado las plataformas electorales de los partidos, frentes o agrupaciones pol\u00edticas\u201d.<\/p>\n<p>El proyecto, que fue presentado el 15 de mayo por el diputado radical Fabi\u00e1n Rogel, propone que uno de los debates se realice en una ciudad de la Costa del Paran\u00e1 y el otro en una localidad de la Costa del Uruguay. Tambi\u00e9n se dispone que se lleven a cabo en \u00e1mbito p\u00fablicos como bibliotecas, establecimientos educativos, teatros, etc.<\/p>\n<p>El primer debate se realizar\u00e1 a los 10 d\u00edas de comenzada la campa\u00f1a electoral, mientras que el segundo tendr\u00e1 lugar 10 d\u00edas antes del acto comicial, se indica en la iniciativa.<\/p>\n<p>\u201cEl debate es una forma m\u00e1s de conocimiento y de difusi\u00f3n de las propuestas electorales para que la ciudadan\u00eda tenga un mayor discernimiento a la hora de optar por alguno de los candidatos\/candidatas\u201d, sostuvo Rogel en los fundamentos del proyecto.<\/p>\n<p>\u201cCreemos que esto ayuda enormemente al fortalecimiento del sistema democr\u00e1tico y a un mayor convencimiento del pueblo a la hora de optar por algunas de las opciones democr\u00e1ticas que puedan existir en la provincia, en este caso para gobernador o gobernadora de Entre R\u00edos\u201d, agrego.<\/p>\n<p>\u201cFinalmente podemos aseverar que la democracia se enriquece y se fortalece cuanto mayor grado de difusi\u00f3n y conocimiento puedan alcanzar los ciudadanos y las ciudadanas a la hora de emitir su voto\u201d, concluy\u00f3.<\/p>\n","protected":false},"excerpt":{"rendered":"<p>El mi\u00e9rcoles, en comisi\u00f3n, la C\u00e1mara de Diputados reanudar\u00e1 el an\u00e1lisis del proyecto de ley que propone establecer la obligatoriedad de la realizaci\u00f3n de dos debates preelectorales p\u00fablicos entre candidatos a gobernador o gobernadora de Entre R\u00edos. La iniciativa, dispone que un debate se realice en una ciudad de la Costa del Paran\u00e1 y el otro en una localidad de la Costa del Uruguay &nbsp; &nbsp; El mi\u00e9rcoles a las 15 la Comisi\u00f3n de Asuntos Constitucionales, Juicio Pol\u00edtico y Peticiones, Poderes y Reglamento de la C\u00e1mara de Diputados de Entre&#8230;<\/p>\n","protected":false},"author":3,"featured_media":98999,"comment_status":"closed","ping_status":"closed","sticky":false,"template":"","format":"standard","meta":[],"categories":[15],"tags":[],"_links":{"self":[{"href":"https:\/\/www.actualidadadiario.com\/index.php\/wp-json\/wp\/v2\/posts\/115898"}],"collection":[{"href":"https:\/\/www.actualidadadiario.com\/index.php\/wp-json\/wp\/v2\/posts"}],"about":[{"href":"https:\/\/www.actualidadadiario.com\/index.php\/wp-json\/wp\/v2\/types\/post"}],"author":[{"embeddable":true,"href":"https:\/\/www.actualidadadiario.com\/index.php\/wp-json\/wp\/v2\/users\/3"}],"replies":[{"embeddable":true,"href":"https:\/\/www.actualidadadiario.com\/index.php\/wp-json\/wp\/v2\/comments?post=115898"}],"version-history":[{"count":1,"href":"https:\/\/www.actualidadadiario.com\/index.php\/wp-json\/wp\/v2\/posts\/115898\/revisions"}],"predecessor-version":[{"id":115899,"href":"https:\/\/www.actualidadadiario.com\/index.php\/wp-json\/wp\/v2\/posts\/115898\/revisions\/115899"}],"wp:featuredmedia":[{"embeddable":true,"href":"https:\/\/www.actualidadadiario.com\/index.php\/wp-json\/wp\/v2\/media\/98999"}],"wp:attachment":[{"href":"https:\/\/www.actualidadadiario.com\/index.php\/wp-json\/wp\/v2\/media?parent=115898"}],"wp:term":[{"taxonomy":"category","embeddable":true,"href":"https:\/\/www.actualidadadiario.com\/index.php\/wp-json\/wp\/v2\/categories?post=115898"},{"taxonomy":"post_tag","embeddable":true,"href":"https:\/\/www.actualidadadiario.com\/index.php\/wp-json\/wp\/v2\/tags?post=115898"}],"curies":[{"name":"wp","href":"https:\/\/api.w.org\/{rel}","templated":true}]}}