{"id":115892,"date":"2024-06-11T10:57:40","date_gmt":"2024-06-11T13:57:40","guid":{"rendered":"https:\/\/www.actualidadadiario.com\/?p=115892"},"modified":"2024-06-11T10:58:12","modified_gmt":"2024-06-11T13:58:12","slug":"el-senado-retoma-el-debate-en-comision-de-la-reduccion-de-la-tarifa-electrica-para-las-universidades","status":"publish","type":"post","link":"https:\/\/www.actualidadadiario.com\/index.php\/2024\/06\/11\/el-senado-retoma-el-debate-en-comision-de-la-reduccion-de-la-tarifa-electrica-para-las-universidades\/","title":{"rendered":"El Senado retoma el debate en comisi\u00f3n de la reducci\u00f3n de la tarifa el\u00e9ctrica para las universidades"},"content":{"rendered":"<p style=\"text-align: center;\"><em><strong>La reuni\u00f3n ser\u00e1 este martes a las 12:30 en la Sala de Comisiones del Senado, informaron fuentes legislativas. El proyecto dispone otorgar un subsidio a la tarifa el\u00e9ctrica del 50% a favor de las Universidades P\u00fablicas con asiento en la provincia\u00a0 por los per\u00edodos que van hasta el 31 de diciembre de este a\u00f1o<\/strong><\/em><\/p>\n<p>&nbsp;<\/p>\n<p>&nbsp;<\/p>\n<p>Este martes se encontrar\u00e1 la Comisi\u00f3n de Educaci\u00f3n, Ciencia y Tecnolog\u00eda de la C\u00e1mara de Senadores de Entre R\u00edos para continuar con el debate del proyecto de ley que brindar\u00eda un subsidio a la tarifa el\u00e9ctrica del 50% a favor de las Universidades P\u00fablicas con asiento en la provincia de Entre R\u00edos, por los per\u00edodos que van hasta el 31 de diciembre de 2024.<\/p>\n<p>Durante la reuni\u00f3n de la Comisi\u00f3n que se realiz\u00f3 el 10 de mayo para tratar esta iniciativa se hicieron presentes el rector de la Universidad Nacional de Entre R\u00edos (UNER), Andr\u00e9s Sabella; el de la Universidad Aut\u00f3noma de Entre R\u00edos (Uader), Luciano Filipuzzi; y el Decano de la Universidad Tecnol\u00f3gica Nacional (UTN) Regional Paran\u00e1, Alejandro Carrere.<\/p>\n<p>&nbsp;<\/p>\n<p><strong>El proyecto<\/strong><\/p>\n<p>El autor de la propuesta fue el legislador justicialista Mart\u00edn Oliva, es presidente de la Comisi\u00f3n que trata el proyecto y del bloque del PJ en el Senado. Adem\u00e1s el proyecto de ley ingres\u00f3 a la legislatura el 23 de abril de este a\u00f1o.<\/p>\n<p>&nbsp;<\/p>\n<p><strong>Los fundamentos y detalles son los siguientes:<\/strong><\/p>\n<p><strong>-Garantizar el derecho a la Educaci\u00f3n:<\/strong> Debe ser accesible para todos, y las universidades p\u00fablicas juegan un papel crucial en la formaci\u00f3n de ciudadanos y en la creaci\u00f3n de conocimiento.<\/p>\n<p>&nbsp;<\/p>\n<p><strong>-Impacto de las Pol\u00edticas Nacionales:<\/strong> Han aumentado significativamente las tarifas el\u00e9ctricas, afectando a las universidades p\u00fablicas. Estas universidades ahora deben pagar la tarifa completa sin subsidio, lo que representa un incremento del 30% en sus costos de electricidad.<\/p>\n<p>&nbsp;<\/p>\n<p><strong>-Presupuesto Universitario Devaluado:<\/strong> El presupuesto asignado a las universidades es insuficiente y ha sido prorrogado desde 2023. Adem\u00e1s, el programa de financiamiento para la educaci\u00f3n superior ha sufrido una reducci\u00f3n del 72% en comparaci\u00f3n con el a\u00f1o anterior, lo que coloca a las universidades en una situaci\u00f3n financiera cr\u00edtica.<\/p>\n<p>&nbsp;<\/p>\n<p><strong>-Valor de las Universidades P\u00fablicas:<\/strong> Son muy valoradas en Argentina por su rol en la formaci\u00f3n acad\u00e9mica, la investigaci\u00f3n y la extensi\u00f3n hacia la comunidad. Su continuidad y sostenibilidad son esenciales.<\/p>\n<p>&nbsp;<\/p>\n<p><strong>-Propuesta del Proyecto:<\/strong> Dado el aumento de los costos y la situaci\u00f3n presupuestaria desfavorable, se propone que la provincia otorgue una bonificaci\u00f3n del 50% en las facturas el\u00e9ctricas de las universidades p\u00fablicas. Este descuento se aplicar\u00eda antes de impuestos y debe ser reflejado en las facturas de las distribuidoras el\u00e9ctricas provinciales.<\/p>\n<p>&nbsp;<\/p>\n<p><strong>-Fondo Compensador de Tarifas:<\/strong> La ley provincial permite usar un fondo para compensar tarifas el\u00e9ctricas, pero hasta la fecha, el gobernador no ha tomado acci\u00f3n al respecto. Por ello, el proyecto de ley busca establecer esta medida para apoyar a las universidades.<\/p>\n<p>&nbsp;<\/p>\n<p><strong>-Implementaci\u00f3n:<\/strong> Estar\u00e1 a cargo de la Secretar\u00eda de Energ\u00eda de la provincia se encargar\u00eda de abonar a las distribuidoras el\u00e9ctricas los montos correspondientes al subsidio, previa verificaci\u00f3n por el Ente Provincial Regulador de Energ\u00eda (EPRE).<\/p>\n","protected":false},"excerpt":{"rendered":"<p>La reuni\u00f3n ser\u00e1 este martes a las 12:30 en la Sala de Comisiones del Senado, informaron fuentes legislativas. El proyecto dispone otorgar un subsidio a la tarifa el\u00e9ctrica del 50% a favor de las Universidades P\u00fablicas con asiento en la provincia\u00a0 por los per\u00edodos que van hasta el 31 de diciembre de este a\u00f1o &nbsp; &nbsp; Este martes se encontrar\u00e1 la Comisi\u00f3n de Educaci\u00f3n, Ciencia y Tecnolog\u00eda de la C\u00e1mara de Senadores de Entre R\u00edos para continuar con el debate del proyecto de ley que brindar\u00eda un subsidio a la&#8230;<\/p>\n","protected":false},"author":3,"featured_media":115893,"comment_status":"closed","ping_status":"closed","sticky":false,"template":"","format":"standard","meta":[],"categories":[9],"tags":[],"_links":{"self":[{"href":"https:\/\/www.actualidadadiario.com\/index.php\/wp-json\/wp\/v2\/posts\/115892"}],"collection":[{"href":"https:\/\/www.actualidadadiario.com\/index.php\/wp-json\/wp\/v2\/posts"}],"about":[{"href":"https:\/\/www.actualidadadiario.com\/index.php\/wp-json\/wp\/v2\/types\/post"}],"author":[{"embeddable":true,"href":"https:\/\/www.actualidadadiario.com\/index.php\/wp-json\/wp\/v2\/users\/3"}],"replies":[{"embeddable":true,"href":"https:\/\/www.actualidadadiario.com\/index.php\/wp-json\/wp\/v2\/comments?post=115892"}],"version-history":[{"count":2,"href":"https:\/\/www.actualidadadiario.com\/index.php\/wp-json\/wp\/v2\/posts\/115892\/revisions"}],"predecessor-version":[{"id":115895,"href":"https:\/\/www.actualidadadiario.com\/index.php\/wp-json\/wp\/v2\/posts\/115892\/revisions\/115895"}],"wp:featuredmedia":[{"embeddable":true,"href":"https:\/\/www.actualidadadiario.com\/index.php\/wp-json\/wp\/v2\/media\/115893"}],"wp:attachment":[{"href":"https:\/\/www.actualidadadiario.com\/index.php\/wp-json\/wp\/v2\/media?parent=115892"}],"wp:term":[{"taxonomy":"category","embeddable":true,"href":"https:\/\/www.actualidadadiario.com\/index.php\/wp-json\/wp\/v2\/categories?post=115892"},{"taxonomy":"post_tag","embeddable":true,"href":"https:\/\/www.actualidadadiario.com\/index.php\/wp-json\/wp\/v2\/tags?post=115892"}],"curies":[{"name":"wp","href":"https:\/\/api.w.org\/{rel}","templated":true}]}}