{"id":115889,"date":"2024-06-11T10:56:04","date_gmt":"2024-06-11T13:56:04","guid":{"rendered":"https:\/\/www.actualidadadiario.com\/?p=115889"},"modified":"2024-06-11T10:56:04","modified_gmt":"2024-06-11T13:56:04","slug":"el-gobernador-viajo-a-bolivia-a-participar-de-una-cumbre-regional","status":"publish","type":"post","link":"https:\/\/www.actualidadadiario.com\/index.php\/2024\/06\/11\/el-gobernador-viajo-a-bolivia-a-participar-de-una-cumbre-regional\/","title":{"rendered":"El Gobernador viaj\u00f3 a Bolivia a participar de una cumbre regional"},"content":{"rendered":"<p style=\"text-align: center;\"><em><strong>Rogelio Frigerio intervendr\u00e1 este martes en Sucre en una mesa de di\u00e1logo de l\u00edderes de entidades financieras, que organiza el Fonplata Banco de Desarrollo. Invitado por la organizaci\u00f3n, expondr\u00e1 sobre Oportunidades y desaf\u00edos para la integraci\u00f3n regional \u00b7 Una visi\u00f3n desde un gobierno subnacional<\/strong><\/em><\/p>\n<p>&nbsp;<\/p>\n<p>&nbsp;<\/p>\n<p>El encuentro tiene como objetivo crear un espacio para intercambiar ideas, abordar desaf\u00edos, identificar formas de colaboraci\u00f3n y explorar estrategias con enfoque multisectorial que fortalezcan la integraci\u00f3n regional, seg\u00fan se anunci\u00f3 oficialmente.<\/p>\n<p>La actividad es impulsada por el Fondo Financiero para el Desarrollo de la Cuenca del Plata (Fonplata) Banco de Desarrollo y la exposici\u00f3n del titular del Poder Ejecutivo entrerriano se inserta en un cronograma que anuncia importantes presencias, como la del presidente de Bolivia, Luis Arce, y la del secretario de Finanzas de la Argentina, Pablo Quirno, entre otros funcionarios de gobiernos y entidades crediticias de la regi\u00f3n.<\/p>\n<p>Fonplata est\u00e1 conformado por Argentina, Bolivia, Brasil, Paraguay y Uruguay y tiene como principal misi\u00f3n apoyar la integraci\u00f3n de sus pa\u00edses miembros, de modo de lograr un desarrollo arm\u00f3nico e inclusivo a trav\u00e9s de operaciones de cr\u00e9dito y recursos no reembolsables del sector p\u00fablico.<\/p>\n<p>Del mismo modo, su objetivo es contribuir a la reducci\u00f3n de disparidades socio-econ\u00f3micas y privilegiar la complementariedad y la sinergia de los esfuerzos de las instituciones de desarrollo nacional, as\u00ed como de otras agencias de desarrollo, mediante proyectos de dimensi\u00f3n media y peque\u00f1a a ser ejecutados en espacios geogr\u00e1ficos delimitados.<\/p>\n","protected":false},"excerpt":{"rendered":"<p>Rogelio Frigerio intervendr\u00e1 este martes en Sucre en una mesa de di\u00e1logo de l\u00edderes de entidades financieras, que organiza el Fonplata Banco de Desarrollo. Invitado por la organizaci\u00f3n, expondr\u00e1 sobre Oportunidades y desaf\u00edos para la integraci\u00f3n regional \u00b7 Una visi\u00f3n desde un gobierno subnacional &nbsp; &nbsp; El encuentro tiene como objetivo crear un espacio para intercambiar ideas, abordar desaf\u00edos, identificar formas de colaboraci\u00f3n y explorar estrategias con enfoque multisectorial que fortalezcan la integraci\u00f3n regional, seg\u00fan se anunci\u00f3 oficialmente. La actividad es impulsada por el Fondo Financiero para el Desarrollo de&#8230;<\/p>\n","protected":false},"author":3,"featured_media":115890,"comment_status":"closed","ping_status":"closed","sticky":false,"template":"","format":"standard","meta":[],"categories":[15],"tags":[],"_links":{"self":[{"href":"https:\/\/www.actualidadadiario.com\/index.php\/wp-json\/wp\/v2\/posts\/115889"}],"collection":[{"href":"https:\/\/www.actualidadadiario.com\/index.php\/wp-json\/wp\/v2\/posts"}],"about":[{"href":"https:\/\/www.actualidadadiario.com\/index.php\/wp-json\/wp\/v2\/types\/post"}],"author":[{"embeddable":true,"href":"https:\/\/www.actualidadadiario.com\/index.php\/wp-json\/wp\/v2\/users\/3"}],"replies":[{"embeddable":true,"href":"https:\/\/www.actualidadadiario.com\/index.php\/wp-json\/wp\/v2\/comments?post=115889"}],"version-history":[{"count":1,"href":"https:\/\/www.actualidadadiario.com\/index.php\/wp-json\/wp\/v2\/posts\/115889\/revisions"}],"predecessor-version":[{"id":115891,"href":"https:\/\/www.actualidadadiario.com\/index.php\/wp-json\/wp\/v2\/posts\/115889\/revisions\/115891"}],"wp:featuredmedia":[{"embeddable":true,"href":"https:\/\/www.actualidadadiario.com\/index.php\/wp-json\/wp\/v2\/media\/115890"}],"wp:attachment":[{"href":"https:\/\/www.actualidadadiario.com\/index.php\/wp-json\/wp\/v2\/media?parent=115889"}],"wp:term":[{"taxonomy":"category","embeddable":true,"href":"https:\/\/www.actualidadadiario.com\/index.php\/wp-json\/wp\/v2\/categories?post=115889"},{"taxonomy":"post_tag","embeddable":true,"href":"https:\/\/www.actualidadadiario.com\/index.php\/wp-json\/wp\/v2\/tags?post=115889"}],"curies":[{"name":"wp","href":"https:\/\/api.w.org\/{rel}","templated":true}]}}